{"id":2556,"date":"2018-08-04T12:51:15","date_gmt":"2018-08-04T16:51:15","guid":{"rendered":"http:\/\/www.notaoficial.com\/s\/?p=2556"},"modified":"2018-08-03T20:00:59","modified_gmt":"2018-08-04T00:00:59","slug":"plan-vacacional-banco-del-libro-2018","status":"publish","type":"post","link":"https:\/\/www.notaoficial.com\/s\/2018\/08\/04\/plan-vacacional-banco-del-libro-2018\/","title":{"rendered":"Plan Vacacional Banco del Libro 2018"},"content":{"rendered":"<p><strong>Acerca de nosotros&#8230;<\/strong><\/p>\n<p>El Banco del Libro es una Asociaci\u00f3n Civil sin fines de lucro orientada a investigar, experimentar, innovar y divulgar acciones para la formaci\u00f3n de lectores en Venezuela, dirigidas en especial a ni\u00f1os y j\u00f3venes.<\/p>\n<p>Para lograr esto, estudia, eval\u00faa, recomienda y distribuye libros y otros materiales de lectura en espa\u00f1ol, destinados a ni\u00f1os y j\u00f3venes. Produce, recopila y difunde informaci\u00f3n \u00fatil sobre lectura y libros para ni\u00f1os. Dise\u00f1a, realiza y asesora servicios y programas de promoci\u00f3n de lectura. Desarrolla actividades y programas de formaci\u00f3n de adultos promotores de lectura: padres, docentes, bibliotecarios, especialistas, editores, libreros y otros.<\/p>\n<p>Nuestro principal objetivo es orientar a los padres, maestros y bibliotecarios en la manera de fomentar la lectura en el hogar, la escuela y la biblioteca.<\/p>\n<p>Surgi\u00f3 en 1960 como un centro de canje de libros de textos, que dio origen a su nombre. Desde entonces ha expandido sus actividades a diversas \u00e1reas de acci\u00f3n, como son el desarrollo de una red de bibliotecas escolares y p\u00fablicas, y de un programa de evaluaci\u00f3n y selecci\u00f3n de libros para ni\u00f1os y j\u00f3venes, \u00e1reas en las que ha sido pionera<\/p>\n<p>Es responsable de la creaci\u00f3n de los Servicios bibliotecarios m\u00f3viles conocidos como Bibliobuses desde los a\u00f1os 70, encargados de visitar escuelas, barrios, c\u00e1rceles y pueblos donde no exist\u00edan bibliotecas ni librer\u00edas. En lo que se refiere a su relaci\u00f3n con el Dividendo Voluntario para la Comunidad, cabe se\u00f1alar la exitosa participaci\u00f3n conjunta en el Proyecto Renovemos la Escuela B\u00e1sica Rural.<\/p>\n<p>Ha contribuido a la democratizaci\u00f3n del acceso al libro como bien cultural y a la valoraci\u00f3n de la lectura como herramienta indispensable para el desarrollo integral del pa\u00eds.<\/p>\n<p>Entre los m\u00e1s recientes reconocimientos que ha recibido la instituci\u00f3n est\u00e1n:<\/p>\n<p>\u00b7\u00a0\u00a0\u00a0\u00a0\u00a0\u00a0\u00a0\u00a0 Premio de Literatura en Memoria de Astrid Lindgren 2007<\/p>\n<p>\u00b7\u00a0\u00a0\u00a0\u00a0\u00a0\u00a0\u00a0\u00a0 Veredicto del premio ALMA<\/p>\n<p>\u00b7\u00a0\u00a0\u00a0\u00a0\u00a0\u00a0\u00a0\u00a0 Veredicto del premio UNESCO-Hamdan Bin Rashid Al-Maktoum<\/p>\n<p><strong>Acerca de nuestro Plan Vacacional 2018<\/strong><\/p>\n<p>Tenemos dos posibilidades para el plan vacacional:<\/p>\n<p>El semanal (que se describe a continuaci\u00f3n) y el diario (a escoger entre los d\u00edas lunes y jueves).<\/p>\n<p><strong>\u00abAs\u00ed me lo contaron, as\u00ed lo re-cuento\u00bb<\/strong><\/p>\n<p>es el eje de nuestro #VacacionalBancodelLibro 2018<\/p>\n<p><strong><em>\u2026un recorrido singular e innovador por los cuentos de hadas can\u00f3nicos:<\/em><\/strong><\/p>\n<p><strong><em>Cada semana variaciones y derivaciones de un cuento diferente<\/em><\/strong><\/p>\n<p><em>\u00a0<\/em><em>\u00abEncontraba un sentido m\u00e1s profundo en los cuentos de hadas que me relataban durante mi infancia que en las verdades que la vida me mostraba\u00bb<\/em><em><br \/>\nSchiller<\/em><\/p>\n<p>Un Plan semanal (las 4 de agosto), de 8 am a 12 m y para ni\u00f1os entre 4 y 9,99 a\u00f1os. Inversi\u00f3n: Bs.F. 34. 000.000,00 +IVA por semana = 38.080.000,00<\/p>\n<p>Plan diario (a elegir entre lunes y jueves de alguna de las \u00a04 semanas del plan) Bs.F. 7.700.000,00 +IVA =8.624.000,00<\/p>\n<p>Para la inscripci\u00f3n de hermanos, se contempla un descuento a partir del segundo hermano.<\/p>\n<p>Los ni\u00f1os participantes se organizan en tres grupos por edades:<\/p>\n<ul>\n<li>Grupo 1: 4-6 a\u00f1os<\/li>\n<li>Grupo 2:6-8 a\u00f1os<\/li>\n<li>Grupo 3: 8 a 9,99 a\u00f1os<\/li>\n<\/ul>\n<p>M\u00e1ximo 20 ni\u00f1os por grupo<\/p>\n<p>Cada grupo es atendido por un(a)\u00a0\u00a0Gu\u00eda y un(a)o dos Asistentes.<\/p>\n<p>Cada d\u00eda, cada grupo realiza tres actividades diferentes, realizada por un promotor de lectura o especialista en el \u00e1rea. Entre ellos contamos con: Carmen Mart\u00ednez (Crear y Organizarte); #FabianEnCuento (Fabian Zaraza); Daniela Decena; Jenny Fraile (#Encuentada), Abigail Truchsess<\/p>\n<p>Durante la semana se prev\u00e9 actividades en el\u00a0\u00a0Club de Cuentos y\u00a0\u00a0en la Sala Digital (Book trailers, cine-foro, video juegos, seg\u00fan el tema que se est\u00e9 desarrollando)<\/p>\n<p>Cada ni\u00f1o recibe una franela, para su uso durante el vacacional<\/p>\n<p>Con la inscripci\u00f3n del ni\u00f1o (o familia, si participan hermanos) se ofrece la posibilidad de inscribirse en el Club de Cuentos, exoner\u00e1ndolos del pago de la cuota vitalicia de inscripci\u00f3n en el mismo. Posterior a la semana del vacacional, la familia que confirme su inscripci\u00f3n solo invertir\u00e1 en el monto de alquiler de los libros (hasta tres por mes), siguiendo el resto de las normas vigentes para los asociados al Club.<\/p>\n<p>Todo lo referido a la inscripci\u00f3n y participaci\u00f3n en el Plan Vacacional se tratar\u00e1 en adelante a trav\u00e9s del correo\u00a0<a href=\"mailto:Correo%3Anotibancodellibro@gmail.com\">notibancodellibro@gmail.com<\/a>\u00a0a fin de poder atenderlos mejor.<\/p>\n<p>Para reservar\u00a0\u00a0su cupo\u00a0\u00a0en el Plan Vacacional deben hacer llegar la planilla adjunta por esta v\u00eda.\u00a0\u00a0Una vez hecho esto y alcanzado el m\u00ednimo de ni\u00f1os pre-inscritos por grupo los padres o representantes ser\u00e1n infirmados acerca del procedimiento de pago , el cual debe realizarse 5 d\u00edas antes de la fecha de inicio de la(s)\u00a0\u00a0semana (s)\u00a0\u00a0escogida (s) , que son:<\/p>\n<ul>\n<li style=\"list-style-type: none;\">\n<ul>\n<li style=\"list-style-type: none;\">\n<ul>\n<li style=\"list-style-type: none;\">\n<ul>\n<li>Semana 1: del lunes 6 al viernes 10 de agosto<\/li>\n<li>Semana 2: del lunes 13 al viernes 17 de agosto<\/li>\n<li>Semana 3: del lunes 20 al viernes 24 de agosto<\/li>\n<li>Semana 4: del lunes 27 al viernes 31 de agosto<\/li>\n<\/ul>\n<\/li>\n<\/ul>\n<\/li>\n<\/ul>\n<\/li>\n<\/ul>\n","protected":false},"excerpt":{"rendered":"<p>Acerca de nosotros&#8230; El Banco del Libro es una Asociaci\u00f3n Civil sin fines de lucro orientada a investigar, experimentar, innovar y divulgar acciones para la formaci\u00f3n de lectores en Venezuela, dirigidas en especial a ni\u00f1os y j\u00f3venes. Para lograr esto, estudia, eval\u00faa, recomienda y distribuye libros y otros materiales de lectura en espa\u00f1ol, destinados a [&hellip;]<\/p>\n","protected":false},"author":2,"featured_media":2557,"comment_status":"closed","ping_status":"open","sticky":false,"template":"","format":"standard","meta":[],"categories":[1515,140,2],"tags":[1516,1519,1068,1521,1517,1523,1518,1522,1520],"wppr_data":[],"_links":{"self":[{"href":"https:\/\/www.notaoficial.com\/s\/wp-json\/wp\/v2\/posts\/2556"}],"collection":[{"href":"https:\/\/www.notaoficial.com\/s\/wp-json\/wp\/v2\/posts"}],"about":[{"href":"https:\/\/www.notaoficial.com\/s\/wp-json\/wp\/v2\/types\/post"}],"author":[{"embeddable":true,"href":"https:\/\/www.notaoficial.com\/s\/wp-json\/wp\/v2\/users\/2"}],"replies":[{"embeddable":true,"href":"https:\/\/www.notaoficial.com\/s\/wp-json\/wp\/v2\/comments?post=2556"}],"version-history":[{"count":1,"href":"https:\/\/www.notaoficial.com\/s\/wp-json\/wp\/v2\/posts\/2556\/revisions"}],"predecessor-version":[{"id":2558,"href":"https:\/\/www.notaoficial.com\/s\/wp-json\/wp\/v2\/posts\/2556\/revisions\/2558"}],"wp:featuredmedia":[{"embeddable":true,"href":"https:\/\/www.notaoficial.com\/s\/wp-json\/wp\/v2\/media\/2557"}],"wp:attachment":[{"href":"https:\/\/www.notaoficial.com\/s\/wp-json\/wp\/v2\/media?parent=2556"}],"wp:term":[{"taxonomy":"category","embeddable":true,"href":"https:\/\/www.notaoficial.com\/s\/wp-json\/wp\/v2\/categories?post=2556"},{"taxonomy":"post_tag","embeddable":true,"href":"https:\/\/www.notaoficial.com\/s\/wp-json\/wp\/v2\/tags?post=2556"}],"curies":[{"name":"wp","href":"https:\/\/api.w.org\/{rel}","templated":true}]}}