{"id":25576,"date":"2025-06-11T13:16:50","date_gmt":"2025-06-11T17:16:50","guid":{"rendered":"https:\/\/www.notaoficial.com\/s\/?p=25576"},"modified":"2025-06-12T13:21:26","modified_gmt":"2025-06-12T17:21:26","slug":"eleazar-mora-presenta-nuevo-disco","status":"publish","type":"post","link":"https:\/\/www.notaoficial.com\/s\/2025\/06\/11\/eleazar-mora-presenta-nuevo-disco\/","title":{"rendered":"Eleazar Mora presenta nuevo disco"},"content":{"rendered":"<p><strong>Eleazar Mora\u00a0<\/strong>lanza su m\u00e1s reciente producci\u00f3n discogr\u00e1fica\u00a0<strong><em>Yo Soy \u00abI Am<\/em><\/strong>\u00ab, con la que \u00a0reafirma su identidad musical a trav\u00e9s de un repertorio cargado de sentimiento, belleza y prop\u00f3sito.<\/p>\n<p>Su voz, que equilibra la potencia del canto l\u00edrico con la calidez de lo popular,\u00a0permite a Mora interpretar piezas \u00a0que recorren grandes cl\u00e1sicos del repertorio hispanoamericano, canciones de musicales y composiciones emblem\u00e1ticas de su trayectoria.<\/p>\n<p>Con arreglos sinf\u00f3nicos, la participaci\u00f3n de destacados m\u00fasicos acad\u00e9micos y una interpretaci\u00f3n vocal madura y sensible,\u00a0<strong>Eleazar\u00a0Mora<\/strong>\u00a0da nueva vida a cada una de estas obras, transform\u00e1ndolas en momentos musicales \u00edntimos y universales.<\/p>\n<p><em>Una noche m\u00e1s<\/em>,\u00a0<em>Desesperanza<\/em>,\u00a0<em>Granada<\/em>,\u00a0<em>Si<wbr \/>lverio<\/em>,\u00a0<em>La roca fr\u00eda del calvario<\/em>,\u00a0<em>Me pas\u00e9 de la cuenta<\/em>,\u00a0<em>Il canto<\/em>\u00a0y Bring Him Home, esta \u00faltima con versiones en ingl\u00e9s y en espa\u00f1ol, son algunos de los once \u00a0temas incluidos en este \u00e1lbum que \u201cno es solo un conjunto de canciones&#8230; es una afirmaci\u00f3n de identidad, una oraci\u00f3n cantada, una entrega de lo que soy\u201d, tal como afirma <em>The Latin Tenor,<\/em> tal como es tambi\u00e9n conocido el artista.<\/p>\n<p>De acuerdo con Mora, \u201cCada nota que interpreto nace del alma y lleva consigo mi historia, mis ra\u00edces, mi formaci\u00f3n y mi fe. Canto para tocar corazones, para recordar que la belleza puede sanar y que la m\u00fasica es un puente entre lo humano y lo divino.\u00a0<strong><em>Yo Soy &#8216;\u00bbI Am'\u00bb<\/em><\/strong>no es solo un t\u00edtulo; es una declaraci\u00f3n de prop\u00f3sito, una manera de decirle al mundo: aqu\u00ed estoy, con la voz al servicio del alma.\u00bb, agrega.<\/p>\n<p>Ingeniero de profesi\u00f3n y m\u00fasico de vocaci\u00f3n y oficio,\u00a0<strong>Eleazar\u00a0Mora\u00a0<\/strong>ha cursado estudios en la Berklee College of Music (Boston), donde obtuvo un m\u00e1ster en Music Business, y complet\u00f3 recientemente el Certificado en Excelencia Empresarial en la Columbia Business School (Nueva York).<\/p>\n<p>A lo largo de su carrera ha grabado diez \u00e1lbumes, ganado numerosos premios y reconocimiento y ha colaborado con grandes m\u00fasicos de la escena latinoamericana, present\u00e1ndose, adem\u00e1s, en\u00a0diversos escenarios de Estados Unidos y Am\u00e9rica Latina.<\/p>\n<p>El \u00e1lbum<em>\u00a0Yo Soy \u00abI Am\u00bb\u00a0Eleazar\u00a0Mora,<\/em>\u00a0en el que ya puede escucharse en Spotify, Apple Music, Amazon Music y en todas las plataformas digitales.<\/p>\n<p><iframe loading=\"lazy\" title=\"Una Noche Mas Eleazar Mora Video Oficial\" src=\"https:\/\/www.youtube.com\/embed\/J_kGvATKZaE\" width=\"600\" height=\"400\" frameborder=\"0\" allowfullscreen=\"allowfullscreen\"><span style=\"display: inline-block; width: 0px; overflow: hidden; line-height: 0;\" data-mce-type=\"bookmark\" class=\"mce_SELRES_start\">\ufeff<\/span><\/iframe><\/p>\n","protected":false},"excerpt":{"rendered":"<p>Eleazar Mora\u00a0lanza su m\u00e1s reciente producci\u00f3n discogr\u00e1fica\u00a0Yo Soy \u00abI Am\u00ab, con la que \u00a0reafirma su identidad musical a trav\u00e9s de un repertorio cargado de sentimiento, belleza y prop\u00f3sito. Su voz, que equilibra la potencia del canto l\u00edrico con la calidez de lo popular,\u00a0permite a Mora interpretar piezas \u00a0que recorren grandes cl\u00e1sicos del repertorio hispanoamericano, canciones [&hellip;]<\/p>\n","protected":false},"author":2,"featured_media":25579,"comment_status":"closed","ping_status":"open","sticky":false,"template":"","format":"standard","meta":[],"categories":[93,146,2],"tags":[5150,381],"wppr_data":{"cwp_meta_box_check":"No"},"_links":{"self":[{"href":"https:\/\/www.notaoficial.com\/s\/wp-json\/wp\/v2\/posts\/25576"}],"collection":[{"href":"https:\/\/www.notaoficial.com\/s\/wp-json\/wp\/v2\/posts"}],"about":[{"href":"https:\/\/www.notaoficial.com\/s\/wp-json\/wp\/v2\/types\/post"}],"author":[{"embeddable":true,"href":"https:\/\/www.notaoficial.com\/s\/wp-json\/wp\/v2\/users\/2"}],"replies":[{"embeddable":true,"href":"https:\/\/www.notaoficial.com\/s\/wp-json\/wp\/v2\/comments?post=25576"}],"version-history":[{"count":1,"href":"https:\/\/www.notaoficial.com\/s\/wp-json\/wp\/v2\/posts\/25576\/revisions"}],"predecessor-version":[{"id":25580,"href":"https:\/\/www.notaoficial.com\/s\/wp-json\/wp\/v2\/posts\/25576\/revisions\/25580"}],"wp:featuredmedia":[{"embeddable":true,"href":"https:\/\/www.notaoficial.com\/s\/wp-json\/wp\/v2\/media\/25579"}],"wp:attachment":[{"href":"https:\/\/www.notaoficial.com\/s\/wp-json\/wp\/v2\/media?parent=25576"}],"wp:term":[{"taxonomy":"category","embeddable":true,"href":"https:\/\/www.notaoficial.com\/s\/wp-json\/wp\/v2\/categories?post=25576"},{"taxonomy":"post_tag","embeddable":true,"href":"https:\/\/www.notaoficial.com\/s\/wp-json\/wp\/v2\/tags?post=25576"}],"curies":[{"name":"wp","href":"https:\/\/api.w.org\/{rel}","templated":true}]}}