{"id":25577,"date":"2025-06-11T13:16:51","date_gmt":"2025-06-11T17:16:51","guid":{"rendered":"https:\/\/www.notaoficial.com\/s\/?p=25577"},"modified":"2025-06-12T13:22:46","modified_gmt":"2025-06-12T17:22:46","slug":"jorge-glem-debuta-con-la-filarmonica-de-nueva-york","status":"publish","type":"post","link":"https:\/\/www.notaoficial.com\/s\/2025\/06\/11\/jorge-glem-debuta-con-la-filarmonica-de-nueva-york\/","title":{"rendered":"Jorge Glem debuta con la Filarm\u00f3nica de Nueva York"},"content":{"rendered":"<p>Jorge Glem debutar\u00e1 con la Filarm\u00f3nica de Nueva York bajo la batuta de Gustavo Dudamel.<\/p>\n<p>La Filarm\u00f3nica de Nueva York anunci\u00f3 que el ganador del Latin Grammy y nominado al Grammy, debutar\u00e1 como solista con la orquesta este verano en el marco de los Conciertos en los Parques 2025, presentados por Didi y Oscar Schafer.<\/p>\n<p>Jorge Glem, reconocido mundialmente como uno de los principales embajadores del cuatro venezolano, interpretar\u00e1 <em>Odisea: Concierto para Cuatro Venezolano y Orquesta<\/em>, de Gonzalo Grau, obra estrenada en el verano de 2022 en Los \u00c1ngeles, que fusiona la tradici\u00f3n folcl\u00f3rica con la grandeza orquestal.<\/p>\n<p>Las presentaciones gratuitas al aire libre se llevar\u00e1n a cabo en diferentes localidades de la\u00a0ciudad de Nueva York, del 4 al 7 de junio: Central Park (Manhattan), mi\u00e9rcoles 4,\u00a0Van Cortlandt Park (Bronx), el d\u00eda 5,\u00a0 Prospect Park (Brooklyn), el viernes 6 y\u00a0Cunningham Park (Queens), el s\u00e1bado 7 de junio. Todos los conciertos comenzar\u00e1n a las 8:00 p. m. y concluir\u00e1n con un espect\u00e1culo de fuegos artificiales.<\/p>\n<p>Jorge Glem ha dedicado su carrera a impulsar el cuatro a nivel mundial. Desde tocar junto a Gustavo Dudamel y la Filarm\u00f3nica de Los \u00c1ngeles, hasta colaborar con artistas como Rub\u00e9n Blades, Jon Batiste, Natalia Lafourcade, Gaby Moreno y Paquito D&#8217;Rivera, el sonido de su cuatro trasciende g\u00e9neros, conecta los mundos del jazz, el folk, la salsa y la m\u00fasica cl\u00e1sica. Tambi\u00e9n es miembro fundador del conjunto C4 Tr\u00edo, con el que ha ganado varios premios Grammy Latinos.<\/p>\n<p>En 2023, Glem recibi\u00f3 otra nominaci\u00f3n al Grammy Latino por <em>Brooklyn\u2013Cuman\u00e1<\/em>, un \u00e1lbum instrumental colaborativo con el acordeonista estadounidense Sam Reider, que recibi\u00f3 elogios de la cr\u00edtica y se present\u00f3 en Tiny Desk de NPR.<\/p>\n<p>Su debut con la Filarm\u00f3nica de Nueva York marca un hito en una carrera comprometida con expandir el alcance de la m\u00fasica tradicional venezolana y redefinir los l\u00edmites del cuatro. Luego de este ciclo de conciertos, realizar\u00e1 dos presentaciones en Medell\u00edn, Colombia,\u00a0los d\u00edas 13 y 15 de junio, y a la Ciudad\u00a0de Panam\u00e1, donde ofrecer\u00e1 un recital el 17 de junio.<\/p>\n","protected":false},"excerpt":{"rendered":"<p>Jorge Glem debutar\u00e1 con la Filarm\u00f3nica de Nueva York bajo la batuta de Gustavo Dudamel. La Filarm\u00f3nica de Nueva York anunci\u00f3 que el ganador del Latin Grammy y nominado al Grammy, debutar\u00e1 como solista con la orquesta este verano en el marco de los Conciertos en los Parques 2025, presentados por Didi y Oscar Schafer. [&hellip;]<\/p>\n","protected":false},"author":2,"featured_media":25581,"comment_status":"closed","ping_status":"open","sticky":false,"template":"","format":"standard","meta":[],"categories":[93,146,2],"tags":[4078,353],"wppr_data":{"cwp_meta_box_check":"No"},"_links":{"self":[{"href":"https:\/\/www.notaoficial.com\/s\/wp-json\/wp\/v2\/posts\/25577"}],"collection":[{"href":"https:\/\/www.notaoficial.com\/s\/wp-json\/wp\/v2\/posts"}],"about":[{"href":"https:\/\/www.notaoficial.com\/s\/wp-json\/wp\/v2\/types\/post"}],"author":[{"embeddable":true,"href":"https:\/\/www.notaoficial.com\/s\/wp-json\/wp\/v2\/users\/2"}],"replies":[{"embeddable":true,"href":"https:\/\/www.notaoficial.com\/s\/wp-json\/wp\/v2\/comments?post=25577"}],"version-history":[{"count":1,"href":"https:\/\/www.notaoficial.com\/s\/wp-json\/wp\/v2\/posts\/25577\/revisions"}],"predecessor-version":[{"id":25582,"href":"https:\/\/www.notaoficial.com\/s\/wp-json\/wp\/v2\/posts\/25577\/revisions\/25582"}],"wp:featuredmedia":[{"embeddable":true,"href":"https:\/\/www.notaoficial.com\/s\/wp-json\/wp\/v2\/media\/25581"}],"wp:attachment":[{"href":"https:\/\/www.notaoficial.com\/s\/wp-json\/wp\/v2\/media?parent=25577"}],"wp:term":[{"taxonomy":"category","embeddable":true,"href":"https:\/\/www.notaoficial.com\/s\/wp-json\/wp\/v2\/categories?post=25577"},{"taxonomy":"post_tag","embeddable":true,"href":"https:\/\/www.notaoficial.com\/s\/wp-json\/wp\/v2\/tags?post=25577"}],"curies":[{"name":"wp","href":"https:\/\/api.w.org\/{rel}","templated":true}]}}