{"id":25578,"date":"2025-06-11T13:16:51","date_gmt":"2025-06-11T17:16:51","guid":{"rendered":"https:\/\/www.notaoficial.com\/s\/?p=25578"},"modified":"2025-06-12T13:24:46","modified_gmt":"2025-06-12T17:24:46","slug":"claro-recupero-mas-de-5-millones-de-equipos-en-2024","status":"publish","type":"post","link":"https:\/\/www.notaoficial.com\/s\/2025\/06\/11\/claro-recupero-mas-de-5-millones-de-equipos-en-2024\/","title":{"rendered":"Claro recuper\u00f3 m\u00e1s de 5 millones de equipos en 2024"},"content":{"rendered":"<p>Por Eduardo Travieso Itriago<\/p>\n<p>Claro Colombia sigue trabajando en su prop\u00f3sito de ser una compa\u00f1\u00eda m\u00e1s sostenible, por eso, de acuerdo con su <a href=\"https:\/\/www.claro.com.co\/portal\/co\/recursos\/co\/pdf\/Informe_de_Sostenibilidad_Claro_2024.pdf\" target=\"_blank\" rel=\"noopener noreferer\">Informe de sostenibilidad 2024<\/a>, indic\u00f3 que avanz\u00f3 significativamente en temas sociales, ambientales y de gobierno corporativo, beneficiando a millones de personas y contribuyendo al cuidado del medio ambiente.<\/p>\n<p>As\u00ed, para 2024, logr\u00f3 recuperar m\u00e1s de 5 millones de equipos electr\u00f3nicos con su programa de Econom\u00eda Circular y Log\u00edstica inversa, llegando as\u00ed a una cifra record desde su implementaci\u00f3n. Adem\u00e1s, evit\u00f3 la generaci\u00f3n de 934 toneladas de residuos electr\u00f3nicos (RAEE) y reutiliz\u00f3 577 toneladas de pl\u00e1stico.<\/p>\n<p>En materia el\u00e9ctrica, logr\u00f3 una disminuci\u00f3n de 1,228,743 kWh en el consumo de los Data Centers y una reducci\u00f3n de 5,876 toneladas de CO2 mediante iniciativas de eficiencia energ\u00e9tica y sistemas fotovoltaicos, avanzando en su meta de carbono neutralidad con una reducci\u00f3n de 45% las emisiones directas de gases de efecto invernadero (GEI) en 2024 camino a su compromiso de reducir un 52% las emisiones para 2030.<\/p>\n<p><strong>Conectividad para el desarrollo <\/strong><\/p>\n<p>Asimismo, para 2024 Claro conect\u00f3, por primera vez, a Internet m\u00f3vil 4G a m\u00e1s de 972 localidades rurales y apartadas en Colombia. A la vez que consolid\u00f3 el despliegue de la red 5G en 20 ciudades con m\u00e1s de 1.300 antenas de esta tecnolog\u00eda, y lleg\u00f3 al 99% de cobertura en 1.103 municipios del pa\u00eds y una infraestructura de m\u00e1s de 10.000 torres de comunicaciones.<\/p>\n<p>A su vez, fueron m\u00e1s de 370.000 estudiantes y educadores de 340 instituciones educativas en 28 departamentos los beneficiarios del programa \u00abEscuelas Conectadas Claro por Colombia\u00bb, que ofrece Internet gratuito en salas de tecnolog\u00eda de instituciones educativas en el pa\u00eds, as\u00ed como procesos de alfabetizaci\u00f3n digital.<\/p>\n<p>Con la Ruta de Inclusi\u00f3n Laboral y Social, permiti\u00f3 vincular a m\u00e1s de 1. 600 personas en condici\u00f3n de vulnerabilidad, incluyendo j\u00f3venes, madres cabeza de familia y poblaci\u00f3n migrante. Y, en la sexta edici\u00f3n de la Copa Claro por Colombia, impact\u00f3 a 3.840 ni\u00f1os y adolescentes de comunidades vulnerables, promoviendo habilidades para la vida, equidad de g\u00e9nero y prevenci\u00f3n de riesgos sociales.<\/p>\n<p>Claro Colombia tambi\u00e9n se alinea con los Objetivos de Desarrollo Sostenible (ODS) y los principios del Pacto Global, promoviendo la equidad, la inclusi\u00f3n y la sostenibilidad en todas sus operaciones. Con estas acciones, Claro reafirma su prop\u00f3sito de \u00abhacer posible una Colombia mejor\u00bb y su compromiso con el desarrollo social, econ\u00f3mico y ambiental del pa\u00eds.<\/p>\n<p>Por Eduardo Travieso Itriago<\/p>\n","protected":false},"excerpt":{"rendered":"<p>Por Eduardo Travieso Itriago Claro Colombia sigue trabajando en su prop\u00f3sito de ser una compa\u00f1\u00eda m\u00e1s sostenible, por eso, de acuerdo con su Informe de sostenibilidad 2024, indic\u00f3 que avanz\u00f3 significativamente en temas sociales, ambientales y de gobierno corporativo, beneficiando a millones de personas y contribuyendo al cuidado del medio ambiente. As\u00ed, para 2024, logr\u00f3 [&hellip;]<\/p>\n","protected":false},"author":2,"featured_media":25583,"comment_status":"closed","ping_status":"open","sticky":false,"template":"","format":"standard","meta":[],"categories":[93,146,2],"tags":[10571,10603,9494],"wppr_data":{"cwp_meta_box_check":"No"},"_links":{"self":[{"href":"https:\/\/www.notaoficial.com\/s\/wp-json\/wp\/v2\/posts\/25578"}],"collection":[{"href":"https:\/\/www.notaoficial.com\/s\/wp-json\/wp\/v2\/posts"}],"about":[{"href":"https:\/\/www.notaoficial.com\/s\/wp-json\/wp\/v2\/types\/post"}],"author":[{"embeddable":true,"href":"https:\/\/www.notaoficial.com\/s\/wp-json\/wp\/v2\/users\/2"}],"replies":[{"embeddable":true,"href":"https:\/\/www.notaoficial.com\/s\/wp-json\/wp\/v2\/comments?post=25578"}],"version-history":[{"count":2,"href":"https:\/\/www.notaoficial.com\/s\/wp-json\/wp\/v2\/posts\/25578\/revisions"}],"predecessor-version":[{"id":25585,"href":"https:\/\/www.notaoficial.com\/s\/wp-json\/wp\/v2\/posts\/25578\/revisions\/25585"}],"wp:featuredmedia":[{"embeddable":true,"href":"https:\/\/www.notaoficial.com\/s\/wp-json\/wp\/v2\/media\/25583"}],"wp:attachment":[{"href":"https:\/\/www.notaoficial.com\/s\/wp-json\/wp\/v2\/media?parent=25578"}],"wp:term":[{"taxonomy":"category","embeddable":true,"href":"https:\/\/www.notaoficial.com\/s\/wp-json\/wp\/v2\/categories?post=25578"},{"taxonomy":"post_tag","embeddable":true,"href":"https:\/\/www.notaoficial.com\/s\/wp-json\/wp\/v2\/tags?post=25578"}],"curies":[{"name":"wp","href":"https:\/\/api.w.org\/{rel}","templated":true}]}}