{"id":25588,"date":"2025-06-12T21:14:11","date_gmt":"2025-06-13T01:14:11","guid":{"rendered":"https:\/\/www.notaoficial.com\/s\/?p=25588"},"modified":"2025-06-12T21:14:11","modified_gmt":"2025-06-13T01:14:11","slug":"hyundai-acompana-a-eric-domingo-y-a-silvia-roldan-en-su-camino-por-visibilizar-la-esclerosis-multiple","status":"publish","type":"post","link":"https:\/\/www.notaoficial.com\/s\/2025\/06\/12\/hyundai-acompana-a-eric-domingo-y-a-silvia-roldan-en-su-camino-por-visibilizar-la-esclerosis-multiple\/","title":{"rendered":"Hyundai acompa\u00f1a a Eric Domingo y a Silvia Rold\u00e1n en su Camino por visibilizar la Esclerosis M\u00faltiple"},"content":{"rendered":"<div class=\"text aem-GridColumn aem-GridColumn--default--12\">\n<div class=\"compText lo-component\">\n<div class=\"lo-container lo-container--narrow cnt-richText typo-body text-grey900\" data-swiftype-index=\"true\">\n<p>Por Eduardo Travieso Itriago<\/p>\n<p>Eric Domingo y su madre, Silvia Rold\u00e1n, llevan m\u00e1s de 8 a\u00f1os visibilizando la Esclerosis M\u00faltiple. Todo comenz\u00f3 en 2016, con una carrera de 10 kil\u00f3metros por la Esclerosis M\u00faltiple en el Circuito de Montmel\u00f3. Desde entonces, han realizado m\u00e1s de 40 carreras por Espa\u00f1a y el mundo recaudando fondos para investigar la conocida como \u201cEnfermedad de las mil caras\u201d. En 2021, consiguieron batir el Record Guinness en Marat\u00f3n empujando una silla de ruedas.<\/p>\n<p>Hyundai colabora con madre e hijo desde diciembre de 2022, a\u00f1o en el que volvieron a batir el Record empujando una silla de ruedas, con un tiempo de 2 horas, 52 minutos y 39 segundos. En ese momento, la marca coreana proporcion\u00f3 un STARIA para realizar el viaje de Eric y Silvia desde Barcelona a Valencia. En esta ocasi\u00f3n, Hyundai ayudar\u00e1, adem\u00e1s de con veh\u00edculos como el Hyundai STARIA para el transporte del atleta y su madre, en la log\u00edstica para la consecuci\u00f3n de este reto.<\/p>\n<\/div>\n<\/div>\n<\/div>\n<div class=\"featured-content-teasers aem-GridColumn aem-GridColumn--default--12\">\n<div class=\"compFeaturedContentTeasers lo-component lo-component--segmentStart \">\n<div class=\"compFeaturedContentTeasers__inner lo-container\">\n<div class=\"compFeaturedContentTeasers__teaser  clearfix\">\n<div class=\"compFeaturedContentTeasers__col compFeaturedContentTeasers__col--image\"><picture class=\"compFeaturedContentTeasers__image\"><source srcset=\"https:\/\/s7g10.scene7.com\/is\/image\/hyundaiautoever\/hyundai-eric-domingo-silvia-roldan-record-guiness-01:Featured%20Content%20Teasers%20Desktop?wid=572&amp;hei=332 1x, https:\/\/s7g10.scene7.com\/is\/image\/hyundaiautoever\/hyundai-eric-domingo-silvia-roldan-record-guiness-01:Featured%20Content%20Teasers%20Desktop?wid=1144&amp;hei=664 2x\" media=\"(min-width: 768px)\" \/><img decoding=\"async\" loading=\"lazy\" src=\"https:\/\/s7g10.scene7.com\/is\/image\/hyundaiautoever\/hyundai-eric-domingo-silvia-roldan-record-guiness-01:Featured%20Content%20Teasers%20%20Mobile?wid=706&amp;hei=397\" srcset=\"https:\/\/s7g10.scene7.com\/is\/image\/hyundaiautoever\/hyundai-eric-domingo-silvia-roldan-record-guiness-01:Featured%20Content%20Teasers%20%20Mobile?wid=706&amp;hei=397 1x, https:\/\/s7g10.scene7.com\/is\/image\/hyundaiautoever\/hyundai-eric-domingo-silvia-roldan-record-guiness-01:Featured%20Content%20Teasers%20%20Mobile?wid=1412&amp;hei=794 2x\" width=\"572\" height=\"322\" \/> <\/picture><\/div>\n<div class=\"compFeaturedContentTeasers__col compFeaturedContentTeasers__col--text\">\n<div class=\"compFeaturedContentTeasers__meta cnt-teaserMeta\"><span class=\"cnt-teaserMeta__time\"> 05.12.2022 <\/span> <span class=\"cnt-teaserMeta__category text-hyuBlue\"> Comunicado de prensa <\/span><\/div>\n<p class=\"compFeaturedContentTeasers__teaserHeadline typo-hl3\"><a class=\"compFeaturedContentTeasers__headlineLink\" href=\"https:\/\/www.hyundai.news\/es\/articles\/press-releases\/eric-domingo-y-silvia-roldan-baten-de-nuevo-el-record-guiness-junto-a-hyundai.html\">Eric Domingo y Silvia Rold\u00e1n baten de nuevo el R\u00e9cord Guiness junto a Hyundai<\/a><\/p>\n<p class=\"compFeaturedContentTeasers__teaserText typo-body\">El pasado domingo, 4 de diciembre, se celebr\u00f3 en Valencia el Marat\u00f3n Valencia Trinidad Alfonso en el que Hyundai estuvo presente como patrocinador y acompa\u00f1ando con una flota de coches electrificados a los m\u00e1s de 30.000 corredores que se dieron cita.<\/p>\n<p class=\"compFeaturedContentTeasers__link\"><a class=\"ui-link\" href=\"https:\/\/www.hyundai.news\/es\/articles\/press-releases\/eric-domingo-y-silvia-roldan-baten-de-nuevo-el-record-guiness-junto-a-hyundai.html\">Leer m\u00e1s<\/a><\/p>\n<\/div>\n<\/div>\n<\/div>\n<\/div>\n<\/div>\n<div class=\"quote aem-GridColumn aem-GridColumn--default--12\">\n<div class=\"compQuote lo-component \">\n<div class=\"lo-container lo-container--narrow\" data-swiftype-index=\"true\">\n<blockquote class=\"compQuote__text\"><p>La actitud de correr, avanzar y superar retos est\u00e1 muy ligada a la filosof\u00eda de Hyundai de progresar como sociedad. Estamos convencidos de que colaborar con iniciativas como esta contribuyen a visibilizar y financiar tratamientos que mejoran la calidad de vida de los enfermos de Esclerosis M\u00faltiple, as\u00ed como otras dolencias que, por desgracia, afectan a decenas de miles de personas en Espa\u00f1a.<\/p><\/blockquote>\n<p class=\"compQuote__author\"><span class=\"compQuote__authorName typo-body\">Juanjo Martinez<\/span> <span class=\"compQuote__authorMeta text-grey600\">Director de Comunicaci\u00f3n de Hyundai Motor Espa\u00f1a<\/span><\/p>\n<\/div>\n<\/div>\n<\/div>\n<div class=\"single-image aem-GridColumn aem-GridColumn--default--12\">\n<div class=\"compSingleImage lo-component \">\n<div class=\"compSingleImage__inner lo-container\">\n<div class=\"compSingleImage__imageContainer \"><picture class=\"compSingleImage__image\"><source srcset=\"https:\/\/dmassets.hyundai.com\/is\/image\/hyundaiautoever\/hyundai-eric-domingo-silvia-roldan-camino-portugues-02:Single%20Image%20Desktop?wid=885&amp;hei=498 1x, https:\/\/dmassets.hyundai.com\/is\/image\/hyundaiautoever\/hyundai-eric-domingo-silvia-roldan-camino-portugues-02:Single%20Image%20Desktop?wid=1770&amp;hei=996 2x\" media=\"(min-width: 768px)\" \/><img decoding=\"async\" loading=\"lazy\" src=\"https:\/\/dmassets.hyundai.com\/is\/image\/hyundaiautoever\/hyundai-eric-domingo-silvia-roldan-camino-portugues-02:Single%20Image%20Mobile?wid=706&amp;hei=398\" srcset=\"https:\/\/dmassets.hyundai.com\/is\/image\/hyundaiautoever\/hyundai-eric-domingo-silvia-roldan-camino-portugues-02:Single%20Image%20Mobile?wid=706&amp;hei=398 1x, https:\/\/dmassets.hyundai.com\/is\/image\/hyundaiautoever\/hyundai-eric-domingo-silvia-roldan-camino-portugues-02:Single%20Image%20Mobile?wid=1412&amp;hei=796 2x\" width=\"885\" height=\"498\" \/> <\/picture>\n<div class=\"compSingleImage__downloadWidget ui-downloadWidgetContainer\" data-id=\"https:\/\/www.hyundai.news:443\/newsroom\/dam\/es\/Marca\/20250610_eric_domingo_silvia_roldan_camino_portugues\/hyundai-eric-domingo-silvia-roldan-camino-portugues-02.jpg\" data-type=\"image\" data-image-w260=\"https:\/\/dmassets.hyundai.com\/is\/image\/hyundaiautoever\/hyundai-eric-domingo-silvia-roldan-camino-portugues-02?wid=260&amp;hei=173&amp;fit=crop,1\" data-image-w663=\"https:\/\/dmassets.hyundai.com\/is\/image\/hyundaiautoever\/hyundai-eric-domingo-silvia-roldan-camino-portugues-02?wid=663&amp;hei=441&amp;fit=crop,1\" data-image-w884=\"https:\/\/dmassets.hyundai.com\/is\/image\/hyundaiautoever\/hyundai-eric-domingo-silvia-roldan-camino-portugues-02?wid=884&amp;hei=497&amp;fit=crop,1\" data-image-print=\"https:\/\/www.hyundai.news:443\/newsroom\/dam\/es\/Marca\/20250610_eric_domingo_silvia_roldan_camino_portugues\/hyundai-eric-domingo-silvia-roldan-camino-portugues-02.jpg?bfc=off\" data-image-printsize=\"6921771\" data-image-printsize-formatted=\"6,6 MB\" data-image-web=\"https:\/\/dmassets.hyundai.com\/is\/image\/hyundaiautoever\/hyundai-eric-domingo-silvia-roldan-camino-portugues-02?wid=1024&amp;bfc=off\" data-image-websize=\"33333\" data-image-websize-formatted=\"111 KB\">\n<div class=\"ui-downloadWidget\">Dentro de su visi\u00f3n \u201cProgress for Humanity\u201d Hyundai apoya a causas como la de Eric Domingo y Silvia Rold\u00e1n, en donde adem\u00e1s de dar visibilidad a enfermedades de este tipo, fomenta espacios en donde todas las personas puedan disfrutar del deporte. Por otro lado, en su compromiso con el deporte, la compa\u00f1\u00eda colabora con m\u00e1s de 40 carreras populares como los grandes maratones de Barcelona, Madrid y Valencia as\u00ed como otras pruebas de \u00e1mbito local. Asimismo, la marca promueve plataformas como \u201cRun to Progress\u201d, en donde cualquier persona que quiera comenzar a correr podr\u00e1 encontrar recursos y directrices para mejorar en su carrera de forma progresiva. En 2024, cont\u00f3 con 15.000 corredores registrados y m\u00e1s de 200.000 deportistas interactuando con sus recursos.<\/div>\n<\/div>\n<\/div>\n<\/div>\n<\/div>\n<\/div>\n<div class=\"text aem-GridColumn aem-GridColumn--default--12\">\n<div class=\"compText lo-component\">\n<div class=\"lo-container lo-container--narrow cnt-richText typo-body text-grey900\" data-swiftype-index=\"true\">\n<p>Hyundai, adem\u00e1s, ha desarrollado en los \u00faltimos a\u00f1os diferentes iniciativas en torno al Camino de Santiago, con el que la marca tiene una vinculaci\u00f3n hist\u00f3rica. As\u00ed, la compa\u00f1\u00eda ha impulsado acciones dirigidas a promover una movilidad m\u00e1s segura y sostenible, a trav\u00e9s de campa\u00f1as como \u201cA tu lado en el camino\u201d, en colaboraci\u00f3n con el Real Autom\u00f3vil Club de Espa\u00f1a (RACE).<\/p>\n<p>Por Eduardo Travieso Itriago<\/p>\n<\/div>\n<\/div>\n<\/div>\n","protected":false},"excerpt":{"rendered":"<p>Por Eduardo Travieso Itriago Eric Domingo y su madre, Silvia Rold\u00e1n, llevan m\u00e1s de 8 a\u00f1os visibilizando la Esclerosis M\u00faltiple. Todo comenz\u00f3 en 2016, con una carrera de 10 kil\u00f3metros por la Esclerosis M\u00faltiple en el Circuito de Montmel\u00f3. Desde entonces, han realizado m\u00e1s de 40 carreras por Espa\u00f1a y el mundo recaudando fondos para [&hellip;]<\/p>\n","protected":false},"author":2,"featured_media":25593,"comment_status":"closed","ping_status":"open","sticky":false,"template":"","format":"standard","meta":[],"categories":[93,146,2],"tags":[9678,10603,10472],"wppr_data":{"cwp_meta_box_check":"No"},"_links":{"self":[{"href":"https:\/\/www.notaoficial.com\/s\/wp-json\/wp\/v2\/posts\/25588"}],"collection":[{"href":"https:\/\/www.notaoficial.com\/s\/wp-json\/wp\/v2\/posts"}],"about":[{"href":"https:\/\/www.notaoficial.com\/s\/wp-json\/wp\/v2\/types\/post"}],"author":[{"embeddable":true,"href":"https:\/\/www.notaoficial.com\/s\/wp-json\/wp\/v2\/users\/2"}],"replies":[{"embeddable":true,"href":"https:\/\/www.notaoficial.com\/s\/wp-json\/wp\/v2\/comments?post=25588"}],"version-history":[{"count":1,"href":"https:\/\/www.notaoficial.com\/s\/wp-json\/wp\/v2\/posts\/25588\/revisions"}],"predecessor-version":[{"id":25594,"href":"https:\/\/www.notaoficial.com\/s\/wp-json\/wp\/v2\/posts\/25588\/revisions\/25594"}],"wp:featuredmedia":[{"embeddable":true,"href":"https:\/\/www.notaoficial.com\/s\/wp-json\/wp\/v2\/media\/25593"}],"wp:attachment":[{"href":"https:\/\/www.notaoficial.com\/s\/wp-json\/wp\/v2\/media?parent=25588"}],"wp:term":[{"taxonomy":"category","embeddable":true,"href":"https:\/\/www.notaoficial.com\/s\/wp-json\/wp\/v2\/categories?post=25588"},{"taxonomy":"post_tag","embeddable":true,"href":"https:\/\/www.notaoficial.com\/s\/wp-json\/wp\/v2\/tags?post=25588"}],"curies":[{"name":"wp","href":"https:\/\/api.w.org\/{rel}","templated":true}]}}