{"id":25604,"date":"2025-06-14T08:31:55","date_gmt":"2025-06-14T12:31:55","guid":{"rendered":"https:\/\/www.notaoficial.com\/s\/?p=25604"},"modified":"2025-06-15T10:24:04","modified_gmt":"2025-06-15T14:24:04","slug":"reto-movistar-2025-llega-a-cartagena-con-ciclismo-running-y-alejandro-valverde","status":"publish","type":"post","link":"https:\/\/www.notaoficial.com\/s\/2025\/06\/14\/reto-movistar-2025-llega-a-cartagena-con-ciclismo-running-y-alejandro-valverde\/","title":{"rendered":"Reto Movistar 2025 llega a Cartagena con ciclismo, running y Alejandro Valverde"},"content":{"rendered":"<p>Se anuncia de manera oficial la segunda versi\u00f3n del Reto Movistar-Alcald\u00eda de Cartagena 2025, un evento que reunir\u00e1 a cientos de atletas en torno al ciclismo y el running. Como novedad se confirma la participaci\u00f3n especial de Alejandro Valverde, ex corredor profesional y actual seleccionador nacional de la Real Federaci\u00f3n Espa\u00f1ola de Ciclismo, quien har\u00e1 parte de esta pr\u00f3xima edici\u00f3n. La ciudad amurallada se consolida, as\u00ed como un escenario de talla internacional para el deporte y el turismo, en una apuesta conjunta por el bienestar, la sostenibilidad y la reactivaci\u00f3n del espacio p\u00fablico.<\/p>\n<p>\u00abEste reto no es solo una apuesta por el deporte que estamos fomentando en el Distrito con el IDER para impulsar eventos deportivos de gran impacto para la ciudad, sino que tambi\u00e9n dinamiza la econom\u00eda local. M\u00e1s de 2.000 ciclistas y cerca de 5.000 acompa\u00f1antes se sumar\u00e1n a una experiencia que ya est\u00e1 demostrado que deja una derrama importante al sector tur\u00edstico, comercial y hotelero de la ciudad. Cartagena se est\u00e1 transformando para cada vez se capaz de recibir m\u00e1s y mejores eventos, con nuevas apuestas para la super ciudad\u00bb, <strong>Dumek Turbay, alcalde de Cartagena de Indias<\/strong>.<\/p>\n<p>Por su parte <strong>Alejandro Valverde<\/strong> afirm\u00f3, \u00abEs un honor estar en Cartagena y ser parte del Reto Movistar junto a la Alcald\u00eda. Esta ciudad tiene todo para convertirse en un gran destino deportivo. Me alegra poder apoyar esta iniciativa que une deporte, turismo y comunidad con una energ\u00eda incre\u00edble. Feliz de llevar la M en el pecho y pedalear en esta ciudad tur\u00edstica y deportiva\u00bb<\/p>\n<p>\u00abEl deporte hace parte del ADN de Movistar. Con la inclusi\u00f3n del running en el Reto Movistar-Alcald\u00eda de Cartagena 2025, reafirmamos nuestro compromiso con el bienestar, el turismo y la transformaci\u00f3n social. Nos enorgullece contar con Alejandro Valverde y celebrar esta gran fiesta deportiva junto a la Alcald\u00eda. Adem\u00e1s, nuestra red unificada garantizar\u00e1 una conectividad estable para que todos vivan una experiencia digital de primer nivel\u00bb\u201d, afirm\u00f3 <strong>Fabi\u00e1n Hern\u00e1ndez, CEO de Movistar Colombia<\/strong>.<\/p>\n<p>Inscripciones abiertas para el Reto Movistar-Alcald\u00eda de Cartagena 2025 los deportistas interesados pueden asegurar tu participaci\u00f3n en este gran evento deportivo:<\/p>\n<blockquote class=\"wp-block-quote is-layout-flow wp-block-quote-is-layout-flow\"><p>\u2022 Ciclismo: $450.000 COP<br \/>\n\u2022 Running: $130.000 COP<\/p><\/blockquote>\n<p><a href=\"https:\/\/larutacolombia.com.co\/retomovistar\/\" target=\"_blank\" rel=\"noreferrer noopener\">https:\/\/larutacolombia.com.co\/retomovistar\/<\/a><\/p>\n<p>Cada participante recibir\u00e1 un completo kit de competencia que incluye un jersey oficial, medias, bid\u00f3n, acceso a rifas, obsequios de patrocinadores y, por supuesto, el derecho a competir en esta gran experiencia deportiva.<\/p>\n","protected":false},"excerpt":{"rendered":"<p>Se anuncia de manera oficial la segunda versi\u00f3n del Reto Movistar-Alcald\u00eda de Cartagena 2025, un evento que reunir\u00e1 a cientos de atletas en torno al ciclismo y el running. Como novedad se confirma la participaci\u00f3n especial de Alejandro Valverde, ex corredor profesional y actual seleccionador nacional de la Real Federaci\u00f3n Espa\u00f1ola de Ciclismo, quien har\u00e1 [&hellip;]<\/p>\n","protected":false},"author":2,"featured_media":25605,"comment_status":"closed","ping_status":"open","sticky":false,"template":"","format":"standard","meta":[],"categories":[93,146,2],"tags":[1538,7594,15],"wppr_data":{"cwp_meta_box_check":"No"},"_links":{"self":[{"href":"https:\/\/www.notaoficial.com\/s\/wp-json\/wp\/v2\/posts\/25604"}],"collection":[{"href":"https:\/\/www.notaoficial.com\/s\/wp-json\/wp\/v2\/posts"}],"about":[{"href":"https:\/\/www.notaoficial.com\/s\/wp-json\/wp\/v2\/types\/post"}],"author":[{"embeddable":true,"href":"https:\/\/www.notaoficial.com\/s\/wp-json\/wp\/v2\/users\/2"}],"replies":[{"embeddable":true,"href":"https:\/\/www.notaoficial.com\/s\/wp-json\/wp\/v2\/comments?post=25604"}],"version-history":[{"count":1,"href":"https:\/\/www.notaoficial.com\/s\/wp-json\/wp\/v2\/posts\/25604\/revisions"}],"predecessor-version":[{"id":25606,"href":"https:\/\/www.notaoficial.com\/s\/wp-json\/wp\/v2\/posts\/25604\/revisions\/25606"}],"wp:featuredmedia":[{"embeddable":true,"href":"https:\/\/www.notaoficial.com\/s\/wp-json\/wp\/v2\/media\/25605"}],"wp:attachment":[{"href":"https:\/\/www.notaoficial.com\/s\/wp-json\/wp\/v2\/media?parent=25604"}],"wp:term":[{"taxonomy":"category","embeddable":true,"href":"https:\/\/www.notaoficial.com\/s\/wp-json\/wp\/v2\/categories?post=25604"},{"taxonomy":"post_tag","embeddable":true,"href":"https:\/\/www.notaoficial.com\/s\/wp-json\/wp\/v2\/tags?post=25604"}],"curies":[{"name":"wp","href":"https:\/\/api.w.org\/{rel}","templated":true}]}}