{"id":25685,"date":"2025-06-21T21:58:48","date_gmt":"2025-06-22T01:58:48","guid":{"rendered":"https:\/\/www.notaoficial.com\/s\/?p=25685"},"modified":"2025-06-21T21:58:48","modified_gmt":"2025-06-22T01:58:48","slug":"lg-impresiona-en-infocomm-2025","status":"publish","type":"post","link":"https:\/\/www.notaoficial.com\/s\/2025\/06\/21\/lg-impresiona-en-infocomm-2025\/","title":{"rendered":"LG impresiona en Infocomm 2025"},"content":{"rendered":"<p><b><u><a title=\"LINK\" href=\"https:\/\/www.lg.com\/mx\/monitores\/todos-los-monitores\/?ec_model_status_code=ACTIVE\">LG Electronics<\/a> <\/u><\/b>est\u00e1 redefiniendo la relaci\u00f3n entre la tecnolog\u00eda y las industrias en InfoComm 2025, la feria audiovisual m\u00e1s relevante de Am\u00e9rica del Norte. Bajo el lema <b>\u201c<\/b>Connect, Innovate, Elevate<b>\u201d<\/b>, la firma coreana transforma su presencia en un laboratorio vivo de soluciones tecnol\u00f3gicas dise\u00f1adas para conectar con las necesidades reales de negocios, escuelas, hospitales y espacios p\u00fablicos.<\/p>\n<p>Con un enfoque claro en la colaboraci\u00f3n, la innovaci\u00f3n pr\u00e1ctica y la personalizaci\u00f3n, el stand de LG se convierte en un espacio interactivo donde visitantes y clientes exploran productos de \u00faltima generaci\u00f3n en contextos reales. M\u00e1s de 20 socios estrat\u00e9gicos de la marca se sumaron a esta edici\u00f3n, presentando integraciones funcionales en sectores clave como <b><u><a title=\"LINK\" href=\"https:\/\/www.lg.com\/mx\/business\/\">retail, educaci\u00f3n, salud, corporativos y se\u00f1alizaci\u00f3n DOOH.<\/a><\/u><\/b><\/p>\n<p><img decoding=\"async\" src=\"https:\/\/www.lg.com\/content\/dam\/channel\/wcms\/mx\/acerca-de-lg\/press-and-media\/imagen%203%20INFOCOMM%202025.png\" alt=\"\" \/><\/p>\n<p>Entre los productos y soluciones destacadas se encuentran:<\/p>\n<ul>\n<li>OLED transparente de 55\u201d y el nuevo prototipo de 30\u201d con inteligencia artificial integrada, desarrollado en alianza con Invisible Arts. Este concepto permite atenci\u00f3n automatizada con un humano digital sint\u00e9tico, ideal para retail y hospitalidad.<\/li>\n<\/ul>\n<ul>\n<li>Micro LED LG MAGNIT AM de 136\u201d, ideal para se\u00f1alizaci\u00f3n de lujo o entornos premium.<\/li>\n<\/ul>\n<ul>\n<li>LG CreateBoard de 75\u201d, dise\u00f1ado para aulas interactivas y salas de juntas corporativas.<\/li>\n<\/ul>\n<ul>\n<li>Pantalla Ultra Stretch 21:9 de 105\u201d, para experiencias visuales amplias e inmersivas.<\/li>\n<\/ul>\n<ul>\n<li>Pantallas UH5N de 55\u201d y soluciones Ultra Stretch de 37\u201d, perfectas para comercio, transporte y centros de informaci\u00f3n.<\/li>\n<\/ul>\n<ul>\n<li>Kioscos digitales de 27\u201d para soluciones de autoservicio, ideales para retail y salud.<\/li>\n<\/ul>\n<ul>\n<li>LG Business Cloud, plataforma en la nube para gesti\u00f3n de contenidos y dispositivos de manera centralizada.<\/li>\n<\/ul>\n<ul>\n<li>Laptops LG gram para movilidad profesional.<\/li>\n<\/ul>\n<ul>\n<li>Pantallas todo en uno y soluciones para exteriores con alto brillo.<\/li>\n<\/ul>\n<p>&nbsp;<\/p>\n<p><img decoding=\"async\" src=\"https:\/\/www.lg.com\/content\/dam\/channel\/wcms\/mx\/acerca-de-lg\/press-and-media\/imagen%205%20INFOCOMM%202025.jpg\" alt=\"\" \/><\/p>\n<p>Uno de los focos clave de esta edici\u00f3n fue la presentaci\u00f3n de los monitores m\u00e9dicos<b> <\/b>especializados para diagn\u00f3stico, cirug\u00eda y entornos cl\u00ednicos, que destacan por su alta precisi\u00f3n de color, confiabilidad en la imagen y compatibilidad con sistemas de archivo m\u00e9dico (PACS). Estas soluciones est\u00e1n dise\u00f1adas para elevar la calidad de atenci\u00f3n en hospitales, laboratorios y cl\u00ednicas, y representan una de las principales apuestas de expansi\u00f3n de LG en el segmento HealthTech.<\/p>\n<p>M\u00e9xico es un mercado clave en sectores de alta demanda como lo son la <a title=\"LINK\" href=\"https:\/\/www.lg.com\/mx\/business\/\"><b><u>hoteler\u00eda, retail, el entretenimiento y el sector salud<\/u><\/b><\/a> por lo que esta feria es fundamental para continuar innovando y conectando de la mano con socios comerciales. El stand de LG se encontrar\u00e1 abierto del 11 al 13 de junio durante la edici\u00f3n 2025 de Infocomm en Orlando, Florida.<\/p>\n<p><img decoding=\"async\" src=\"https:\/\/www.lg.com\/content\/dam\/channel\/wcms\/mx\/acerca-de-lg\/press-and-media\/imagen%201%20INFOCOMM%202025.png\" alt=\"\" \/><\/p>\n<p><b>Acerca de LG Electronics, Inc.<\/b><\/p>\n<p>LG Electronics es un innovador mundial en tecnolog\u00eda y electr\u00f3nica de consumo con presencia en casi todos los pa\u00edses y una plantilla internacional de m\u00e1s de 75.000 trabajadores. Las cuatro empresas de LG (Home Appliance Solution, Media Entertainment Solution, Vehicle Solution y Eco Solution) sumaron unos ingresos globales de m\u00e1s de 88 billones de KRW en 2024. LG es un fabricante l\u00edder de productos de consumo y comerciales que van desde televisores, electrodom\u00e9sticos, soluciones de aire, monitores, componentes y soluciones de automoci\u00f3n, y sus marcas premium LG SIGNATURE y la inteligente LG ThinQ son nombres conocidos en todo el mundo. Visite www.LGnewsroom.com para conocer las \u00faltimas noticias.<\/p>\n","protected":false},"excerpt":{"rendered":"<p>LG Electronics est\u00e1 redefiniendo la relaci\u00f3n entre la tecnolog\u00eda y las industrias en InfoComm 2025, la feria audiovisual m\u00e1s relevante de Am\u00e9rica del Norte. Bajo el lema \u201cConnect, Innovate, Elevate\u201d, la firma coreana transforma su presencia en un laboratorio vivo de soluciones tecnol\u00f3gicas dise\u00f1adas para conectar con las necesidades reales de negocios, escuelas, hospitales y [&hellip;]<\/p>\n","protected":false},"author":2,"featured_media":25688,"comment_status":"closed","ping_status":"open","sticky":false,"template":"","format":"standard","meta":[],"categories":[93,146,2],"tags":[10562,9618],"wppr_data":{"cwp_meta_box_check":"No"},"_links":{"self":[{"href":"https:\/\/www.notaoficial.com\/s\/wp-json\/wp\/v2\/posts\/25685"}],"collection":[{"href":"https:\/\/www.notaoficial.com\/s\/wp-json\/wp\/v2\/posts"}],"about":[{"href":"https:\/\/www.notaoficial.com\/s\/wp-json\/wp\/v2\/types\/post"}],"author":[{"embeddable":true,"href":"https:\/\/www.notaoficial.com\/s\/wp-json\/wp\/v2\/users\/2"}],"replies":[{"embeddable":true,"href":"https:\/\/www.notaoficial.com\/s\/wp-json\/wp\/v2\/comments?post=25685"}],"version-history":[{"count":2,"href":"https:\/\/www.notaoficial.com\/s\/wp-json\/wp\/v2\/posts\/25685\/revisions"}],"predecessor-version":[{"id":25690,"href":"https:\/\/www.notaoficial.com\/s\/wp-json\/wp\/v2\/posts\/25685\/revisions\/25690"}],"wp:featuredmedia":[{"embeddable":true,"href":"https:\/\/www.notaoficial.com\/s\/wp-json\/wp\/v2\/media\/25688"}],"wp:attachment":[{"href":"https:\/\/www.notaoficial.com\/s\/wp-json\/wp\/v2\/media?parent=25685"}],"wp:term":[{"taxonomy":"category","embeddable":true,"href":"https:\/\/www.notaoficial.com\/s\/wp-json\/wp\/v2\/categories?post=25685"},{"taxonomy":"post_tag","embeddable":true,"href":"https:\/\/www.notaoficial.com\/s\/wp-json\/wp\/v2\/tags?post=25685"}],"curies":[{"name":"wp","href":"https:\/\/api.w.org\/{rel}","templated":true}]}}