{"id":2575,"date":"2018-08-05T18:35:22","date_gmt":"2018-08-05T22:35:22","guid":{"rendered":"http:\/\/www.notaoficial.com\/s\/?p=2575"},"modified":"2018-08-03T20:42:11","modified_gmt":"2018-08-04T00:42:11","slug":"alfareros-presenta-su-album-70-veces-7","status":"publish","type":"post","link":"https:\/\/www.notaoficial.com\/s\/2018\/08\/05\/alfareros-presenta-su-album-70-veces-7\/","title":{"rendered":"Alfareros presenta su \u00e1lbum 70 veces 7"},"content":{"rendered":"<p align=\"justify\">La agrupaci\u00f3n de m\u00fasica cat\u00f3lica <strong>Alfareros<\/strong> presenta su nuevo \u00e1lbum \u201c70 veces 7\u201d, de donde se desprende su sencillo promocional \u201c<a href=\"https:\/\/sable.madmimi.com\/c\/28511?id=8839680.10631.1.26a0fceee68f64797546dac47366751a\" target=\"_blank\" rel=\"noopener\" data-saferedirecturl=\"https:\/\/www.google.com\/url?hl=es&amp;q=https:\/\/sable.madmimi.com\/c\/28511?id%3D8839680.10631.1.26a0fceee68f64797546dac47366751a&amp;source=gmail&amp;ust=1533425483306000&amp;usg=AFQjCNHMGCEFsT-IEzH0uYIYQpRX5vNcoQ\">Nadie que no seas t\u00fa<\/a>\u201d, que cuenta con un v\u00eddeo grabado en Santo Domingo, Rep\u00fablica Dominicana.<\/p>\n<p align=\"justify\"><strong>Vea el v\u00eddeo \u201c<a href=\"https:\/\/sable.madmimi.com\/c\/28511?id=8839680.10632.1.922dc1e84f1a9ff914a1b480549bef7b\" target=\"_blank\" rel=\"noopener\" data-saferedirecturl=\"https:\/\/www.google.com\/url?hl=es&amp;q=https:\/\/sable.madmimi.com\/c\/28511?id%3D8839680.10632.1.922dc1e84f1a9ff914a1b480549bef7b&amp;source=gmail&amp;ust=1533425483306000&amp;usg=AFQjCNH_E-sMfr0DDh9cw5BiwhO_zpU_Fw\">Nadie que no seas t\u00fa<\/a>\u201d<\/strong><\/p>\n<p align=\"justify\">Alfareros, grupo que nace en la ciudad de La Romana, Rep\u00fablica Dominicana, refiere que el numero 7 representa la perfecci\u00f3n y el \u00e1lbum se acerca a sus corazones desde el mismo momento que comenzaron a escribirlo y grabarlo, destacando que 70 veces 7 es el disco que tiene mayor n\u00famero de invitados, incluyendo a un percusionista de Calcuta-India, sesiones de cuerdas realizadas en Los \u00c1ngeles e Italia y canciones que seguramente tocaran los corazones de quienes lo escuchen.<\/p>\n<p align=\"justify\">\u201cQueremos dar gracias a nuestro padre Dios por inspirar y hacer realidad este \u00e1lbum 70 veces 7, con la misi\u00f3n de perdonar y pedir perd\u00f3n hasta el cansancio a la que Jes\u00fas nos invita, debe motivarnos a ser mejores en la caridad, la solidaridad y en el amor hacia todos los hermanos. Esa es la vocaci\u00f3n de esta propuesta; tambi\u00e9n agradecemos a las personas que han colaborado con su oraci\u00f3n, apoyo financiero, talento musical y acompa\u00f1amiento espiritual para la realizaci\u00f3n de este \u00e1lbum. Dios en su infinita bondad les recompensara su generosidad\u201d, expres\u00f3 Junio Cabrera, director de la agrupaci\u00f3n.<\/p>\n<p align=\"justify\">Con su m\u00fasica contagiosa, llena de fusiones tropicales la formaci\u00f3n musical ha visitado toda la Rep\u00fablica Dominicana, Latinoam\u00e9rica y Estados Unidos, as\u00ed como otras partes del mundo, llevando en sus conciertos la palabra y el evangelio, proclamando con voces e instrumentos la vida de Cristo en gozo.<\/p>\n<p align=\"justify\">Alfareros desarrolla su nueva gira, siempre poniendo en manos de Dios sus destinos, invitando a todos a escuchar 70 veces 7 (Mateo 18 21-35)- \u201cTodo se revela en la misericordia; todo se resuelve en el amor misericordioso de Dios\u201d (SS Francisco. Carta Apost\u00f3lica Misericordia et Misera\u201d 2016)<\/p>\n<p align=\"justify\"><strong>Trayectoria Alfareros<\/strong><br \/>\n<strong>Discos:<\/strong><br \/>\n\u201cUn Canto Nuevo\u201d (1996), \u201cHagan lo que \u00c9l les dice\u201d (1997), \u201cPa\u2019lante\u201d (1999), \u201cHa llegado el d\u00eda\u201d (2004) y \u201cDe Bendici\u00f3n en Bendici\u00f3n\u201d (2008), \u201c70 veces 7\u201d (2018).<\/p>\n<p align=\"justify\">A trav\u00e9s de los a\u00f1os, el ministerio ha recibido diversos reconocimientos y nominaciones por sus producciones musicales, conciertos y canciones. Ha sido ganador del Premio Casandra de la Asociaci\u00f3n de Cronistas de Arte de la Rep\u00fablica Dominicana en la Categor\u00eda \u201cM\u00fasica Religiosa Contempor\u00e1nea\u201d en el a\u00f1o 2005,<br \/>\nNominaci\u00f3n en el a\u00f1o 2006 a los premios Casandra por el concierto del a\u00f1o \u201cA Chav\u00f3n por ti\u201d.<\/p>\n<p align=\"justify\">En el 2008, participaron en \u00a0 en la Jornada Mundial de la Juventud, Asi Mismo Participaron En Los Actos Centrales De La JMJ 2013 Rio De Janeiro Brasil<\/p>\n<p align=\"justify\">En El 2011, Alfareros present\u00f3 \u201cTodo mi amor es para Ti\u201d En Ese Mismo A\u00f1o Alfareros Libera Su M\u00fasica Permitiendo La Descarga Gratis En Su pagina <a href=\"http:\/\/www.alfareros.do\" target=\"_blank\" rel=\"noopener\" data-saferedirecturl=\"https:\/\/www.google.com\/url?hl=es&amp;q=http:\/\/www.alfareros.do&amp;source=gmail&amp;ust=1533425483306000&amp;usg=AFQjCNEjAH6xRn68j1G9xRH2bsmzo2mu2g\">www.alfareros.do<\/a><\/p>\n<p align=\"justify\">En el a\u00f1o 2013 participaci\u00f3n en los actos centrales de la JMJ en Rio de Janeiro Brasil transmitido por los medios locales en Brasil e internacionales.<\/p>\n<p align=\"justify\">En el 2014 El Tour REVIVAL lleg\u00f3 a muchas ciudades acompa\u00f1ados del Predicador Pablo Bayona llen\u00e1ndonos de mucha riqueza espiritual y hermosas experiencias. Es al final de esa gira que se presenta un nuevo llamado del Se\u00f1or al integrar a una cantante no dominicana al ministerio, con la participaci\u00f3n de Katia del Cid de Guatemala se inicia una nueva etapa en nuestra historia.<\/p>\n<p align=\"justify\">Durante el 2015 y 2016 tuvimos misiones en muchas ciudades en M\u00e9xico, Colombia, Ecuador, EUA, Guatemala, El Salvador, Paraguay, Panam\u00e1 entre otros.<\/p>\n<p align=\"justify\">En Marzo del a\u00f1o 2017 se integra un cuarto elemento de voces tambi\u00e9n de un pa\u00eds diferente, y desde Chile Francisca Correa inicia en el ministerio, ese d\u00eda se presenta el sencillo \u201cLa Chica Rosa\u201d.<\/p>\n<p align=\"justify\">En el 2018 llega un regalo de Dios maravilloso, pasaron 7 a\u00f1os para que se presentara una nueva producci\u00f3n de Alfareros, con 70 veces 7.<\/p>\n","protected":false},"excerpt":{"rendered":"<p>La agrupaci\u00f3n de m\u00fasica cat\u00f3lica Alfareros presenta su nuevo \u00e1lbum \u201c70 veces 7\u201d, de donde se desprende su sencillo promocional \u201cNadie que no seas t\u00fa\u201d, que cuenta con un v\u00eddeo grabado en Santo Domingo, Rep\u00fablica Dominicana. Vea el v\u00eddeo \u201cNadie que no seas t\u00fa\u201d Alfareros, grupo que nace en la ciudad de La Romana, Rep\u00fablica [&hellip;]<\/p>\n","protected":false},"author":2,"featured_media":2576,"comment_status":"closed","ping_status":"open","sticky":false,"template":"","format":"standard","meta":[],"categories":[146],"tags":[1557,1563,255,819,1561,21,1560,1558,1559,468,824,1562],"wppr_data":[],"_links":{"self":[{"href":"https:\/\/www.notaoficial.com\/s\/wp-json\/wp\/v2\/posts\/2575"}],"collection":[{"href":"https:\/\/www.notaoficial.com\/s\/wp-json\/wp\/v2\/posts"}],"about":[{"href":"https:\/\/www.notaoficial.com\/s\/wp-json\/wp\/v2\/types\/post"}],"author":[{"embeddable":true,"href":"https:\/\/www.notaoficial.com\/s\/wp-json\/wp\/v2\/users\/2"}],"replies":[{"embeddable":true,"href":"https:\/\/www.notaoficial.com\/s\/wp-json\/wp\/v2\/comments?post=2575"}],"version-history":[{"count":1,"href":"https:\/\/www.notaoficial.com\/s\/wp-json\/wp\/v2\/posts\/2575\/revisions"}],"predecessor-version":[{"id":2577,"href":"https:\/\/www.notaoficial.com\/s\/wp-json\/wp\/v2\/posts\/2575\/revisions\/2577"}],"wp:featuredmedia":[{"embeddable":true,"href":"https:\/\/www.notaoficial.com\/s\/wp-json\/wp\/v2\/media\/2576"}],"wp:attachment":[{"href":"https:\/\/www.notaoficial.com\/s\/wp-json\/wp\/v2\/media?parent=2575"}],"wp:term":[{"taxonomy":"category","embeddable":true,"href":"https:\/\/www.notaoficial.com\/s\/wp-json\/wp\/v2\/categories?post=2575"},{"taxonomy":"post_tag","embeddable":true,"href":"https:\/\/www.notaoficial.com\/s\/wp-json\/wp\/v2\/tags?post=2575"}],"curies":[{"name":"wp","href":"https:\/\/api.w.org\/{rel}","templated":true}]}}