{"id":2587,"date":"2018-08-06T16:45:41","date_gmt":"2018-08-06T20:45:41","guid":{"rendered":"http:\/\/www.notaoficial.com\/s\/?p=2587"},"modified":"2018-08-06T12:47:58","modified_gmt":"2018-08-06T16:47:58","slug":"ruta-turistica-recorre-tradiciones-de-el-pedregal-de-la-mano-de-cultura-chacao-y-te-paseo-y-te-cuento","status":"publish","type":"post","link":"https:\/\/www.notaoficial.com\/s\/2018\/08\/06\/ruta-turistica-recorre-tradiciones-de-el-pedregal-de-la-mano-de-cultura-chacao-y-te-paseo-y-te-cuento\/","title":{"rendered":"Ruta tur\u00edstica recorre tradiciones de El Pedregal  de la mano de Cultura Chacao y \u2018Te Paseo y Te Cuento\u2019"},"content":{"rendered":"<p><em>El Pedregal: Una cantera de historia y tradiciones<\/em>, es el nombre de la pr\u00f3xima ruta que ofrecer\u00e1 Cultura Chacao conjuntamente con la organizaci\u00f3n \u201cTe Paseo y Te Cuento\u201d, el s\u00e1bado 11 de agosto de 2018 de 9 am a 12 m, como parte de programaci\u00f3n tur\u00edstica que desarrolla a lo largo del a\u00f1o.<\/p>\n<p>Bajo la gu\u00eda de Sof\u00eda Selgrad, esta ruta brindar\u00e1 a los participantes la oportunidad de conocer los distintos aspectos que caracterizan el sector El Pedregal, zona popular ubicada entre La Castellana y el Country Club, con una comunidad llena de tradiciones, entre las que destaca la m\u00e1s antigua y conocida como es la de los Palmeros de Chacao durante la Semana Santa.<\/p>\n<p>El recorrido incluir\u00e1 paradas en distintos puntos clave, donde se abordar\u00e1n adem\u00e1s temas como, la relaci\u00f3n entre el Waraira Repano y la ciudad; la historia de El Pedregal; la Peregrinaci\u00f3n de la Virgen de Lourdes; la Procesi\u00f3n del Santo Sepulcro acompa\u00f1ado de la Virgen Mar\u00eda, la Ver\u00f3nica y San Juan por el casco hist\u00f3rico de Chacao; la Quema de Judas; la Fundaci\u00f3n Cargadores de Santos de Chacao; los tambores de San Pedro y San Juan; Los Diablos de Tinaquillo; el Encuentro Nacional de Burras y Burriquitas; y La Parranda del Ni\u00f1o Jes\u00fas.<\/p>\n<p>Quienes deseen participar en esta ruta, deben inscribirse por el correo <a href=\"mailto:gerenciatac.cultura@gmail.com\">gerenciatac.cultura@gmail.com<\/a>. La inscripci\u00f3n tiene un costo de Bs.F 800.000,00 (Bs.S 8,00) por persona y el cupo es limitado<\/p>\n<p>Mayor informaci\u00f3n puede ser solicitada por la p\u00e1gina web: <a href=\"http:\/\/cultura.chacao.gob.ve\/\" data-saferedirecturl=\"https:\/\/www.google.com\/url?hl=es&amp;q=http:\/\/cultura.chacao.gob.ve\/&amp;source=gmail&amp;ust=1533659784155000&amp;usg=AFQjCNHTAFFF_nXuko9GzkuYeg1nYqykjg\">cultura.chacao.gob.ve<\/a>, o a trav\u00e9s de las cuentas de Twitter: <u><a href=\"https:\/\/twitter.com\/culturachacao\" data-saferedirecturl=\"https:\/\/www.google.com\/url?hl=es&amp;q=https:\/\/twitter.com\/culturachacao&amp;source=gmail&amp;ust=1533659784156000&amp;usg=AFQjCNEpuhDHBiMmNfbh9cTwTJd15teA9w\">@culturachacao<\/a><\/u> Facebook: <a href=\"https:\/\/www.facebook.com\/culturachacao.org\" data-saferedirecturl=\"https:\/\/www.google.com\/url?hl=es&amp;q=https:\/\/www.facebook.com\/culturachacao.org&amp;source=gmail&amp;ust=1533659784156000&amp;usg=AFQjCNFoqXQmTfXBE1PB6NhIWCOld2EDLQ\">culturachacao.org<\/a>\u00a0 Instagram: <a href=\"https:\/\/instagram.com\/culturachacao\/\" data-saferedirecturl=\"https:\/\/www.google.com\/url?hl=es&amp;q=https:\/\/instagram.com\/culturachacao\/&amp;source=gmail&amp;ust=1533659784156000&amp;usg=AFQjCNFMFk0H8dxiv7CvRjphUNc1iTQhmw\">culturachacao<\/a><\/p>\n","protected":false},"excerpt":{"rendered":"<p>El Pedregal: Una cantera de historia y tradiciones, es el nombre de la pr\u00f3xima ruta que ofrecer\u00e1 Cultura Chacao conjuntamente con la organizaci\u00f3n \u201cTe Paseo y Te Cuento\u201d, el s\u00e1bado 11 de agosto de 2018 de 9 am a 12 m, como parte de programaci\u00f3n tur\u00edstica que desarrolla a lo largo del a\u00f1o. Bajo la [&hellip;]<\/p>\n","protected":false},"author":2,"featured_media":2588,"comment_status":"closed","ping_status":"open","sticky":false,"template":"","format":"standard","meta":[],"categories":[274,140,2],"tags":[919,1598,277,1595,386,1599,1597,1596,1600],"wppr_data":[],"_links":{"self":[{"href":"https:\/\/www.notaoficial.com\/s\/wp-json\/wp\/v2\/posts\/2587"}],"collection":[{"href":"https:\/\/www.notaoficial.com\/s\/wp-json\/wp\/v2\/posts"}],"about":[{"href":"https:\/\/www.notaoficial.com\/s\/wp-json\/wp\/v2\/types\/post"}],"author":[{"embeddable":true,"href":"https:\/\/www.notaoficial.com\/s\/wp-json\/wp\/v2\/users\/2"}],"replies":[{"embeddable":true,"href":"https:\/\/www.notaoficial.com\/s\/wp-json\/wp\/v2\/comments?post=2587"}],"version-history":[{"count":1,"href":"https:\/\/www.notaoficial.com\/s\/wp-json\/wp\/v2\/posts\/2587\/revisions"}],"predecessor-version":[{"id":2589,"href":"https:\/\/www.notaoficial.com\/s\/wp-json\/wp\/v2\/posts\/2587\/revisions\/2589"}],"wp:featuredmedia":[{"embeddable":true,"href":"https:\/\/www.notaoficial.com\/s\/wp-json\/wp\/v2\/media\/2588"}],"wp:attachment":[{"href":"https:\/\/www.notaoficial.com\/s\/wp-json\/wp\/v2\/media?parent=2587"}],"wp:term":[{"taxonomy":"category","embeddable":true,"href":"https:\/\/www.notaoficial.com\/s\/wp-json\/wp\/v2\/categories?post=2587"},{"taxonomy":"post_tag","embeddable":true,"href":"https:\/\/www.notaoficial.com\/s\/wp-json\/wp\/v2\/tags?post=2587"}],"curies":[{"name":"wp","href":"https:\/\/api.w.org\/{rel}","templated":true}]}}