{"id":2596,"date":"2018-08-07T17:26:40","date_gmt":"2018-08-07T21:26:40","guid":{"rendered":"http:\/\/www.notaoficial.com\/s\/?p=2596"},"modified":"2018-08-07T15:28:55","modified_gmt":"2018-08-07T19:28:55","slug":"alianza-francesa-exhibe-hermosas-fachadas-coloniales","status":"publish","type":"post","link":"https:\/\/www.notaoficial.com\/s\/2018\/08\/07\/alianza-francesa-exhibe-hermosas-fachadas-coloniales\/","title":{"rendered":"Alianza Francesa exhibe hermosas fachadas coloniales"},"content":{"rendered":"<p>Inspirada en las hermosas fachadas y corro\u00eddos ventanales de las casas coloniales venezolanas que se niegan a desaparecer, la artista Karina M\u00e9ndez expone en la sede de la Alianza Francesa de La Tahona, su obra pict\u00f3rica \u201cDesde mi ventana\u201d, una recopilaci\u00f3n de los todos los viajes que ha hecho alrededor del pa\u00eds.<\/p>\n<p>Esta exposici\u00f3n se encuentra abierta al p\u00fablico desde el pasado 20 de junio y permanecer\u00e1 all\u00ed hasta el 30 de agosto del a\u00f1o en curso, como parte de la agenda cultural programada por el instituto de ense\u00f1anza del idioma franc\u00e9s, con el objetivo de promover el intercambio de valores y de cultura entre Venezuela y Francia.<\/p>\n<p>\u201cLlena de colores\u201d es como la artista describe su creaci\u00f3n, ya que es el elemento predominante. \u201cA m\u00ed esas casas me transmiten\u00a0 mucha\u00a0 esperanza y fe, porque a pesar del tiempo que pasa y lo da\u00f1adas que puedan estar, se mantienen de pie como el venezolano\u201d, expres\u00f3.<\/p>\n<p>Con respecto a las emociones que transmite la exhibici\u00f3n,\u00a0 se\u00f1al\u00f3 que es dif\u00edcil\u00a0 hablar de ello, \u201cporque cada quien reacciona diferente al arte, pero yo creo que la \u00a0resistencia de esas casas te tiene que animar de alguna forma\u201d.<\/p>\n<p>La creatividad de la artista, t\u00e9cnicas mixtas, y\u00a0 diferentes tipos de acr\u00edlico y bordados, son los responsables de darle vida a las 11 pinturas, llenas de emoci\u00f3n,\u00a0 optimismo, y tonalidades expuestas.<\/p>\n<p><strong>La artista detr\u00e1s de esta obra<\/strong><\/p>\n<p>Karina M\u00e9ndez naci\u00f3 en Maracaibo, estado Zulia, donde realiz\u00f3 sus estudios en la Universidad Cecilio Acosta para graduarse como Licenciada en Artes Pl\u00e1sticas, en 1996; y luego como Educadora, en el\u00a0 a\u00f1o 2004.<\/p>\n<p>Con\u00a0 8 certificados profesionales recibidos, referentes a la ense\u00f1anza, la cultura y el arte, esta creadora \u00a0ha recorrido\u00a0 un camino profesional en el que\u00a0 la constancia, la pasi\u00f3n por ense\u00f1ar y la creatividad, han sido sus principales acompa\u00f1antes.<\/p>\n<p>Su talento se puede apreciar su talento en los espacios de la Alianza Francesa, durante los pr\u00f3ximos dos meses. \u201cTodo\u00a0 tipo de personas\u00a0 pueden asistir\u00a0 a esta exposici\u00f3n, en especial los ni\u00f1os, ya que hay mucho simbolismo y color\u201d remat\u00f3 la artista.<\/p>\n<p>Para conocer m\u00e1s detalles sobre las actividades culturales y acad\u00e9micas de la instituci\u00f3n, puede ingresar a la p\u00e1gina oficial de la Alianza Francesa\u00a0<a href=\"http:\/\/caracas.afvenezuela.org\/\">http:\/\/caracas.afvenezuela.org\/<\/a>.Tambi\u00e9n pueden seguirlos a trav\u00e9s de sus cuentas en Instagram\u00a0<a href=\"https:\/\/www.instagram.com\/afvenezuela\/?hl=es\">@afvenezuela<\/a>, Twitter\u00a0<a href=\"https:\/\/twitter.com\/afvenezuela?lang=es\">@afvenezuela<\/a>\u00a0y Facebook\u00a0<a href=\"https:\/\/es-la.facebook.com\/www.caracas.afvenezuela.org\/\">Alianza Francesa Venezuela<\/a><\/p>\n","protected":false},"excerpt":{"rendered":"<p>Inspirada en las hermosas fachadas y corro\u00eddos ventanales de las casas coloniales venezolanas que se niegan a desaparecer, la artista Karina M\u00e9ndez expone en la sede de la Alianza Francesa de La Tahona, su obra pict\u00f3rica \u201cDesde mi ventana\u201d, una recopilaci\u00f3n de los todos los viajes que ha hecho alrededor del pa\u00eds. Esta exposici\u00f3n se [&hellip;]<\/p>\n","protected":false},"author":2,"featured_media":2597,"comment_status":"closed","ping_status":"open","sticky":false,"template":"","format":"standard","meta":[],"categories":[860,140,2],"tags":[861,1168,1370,1611,1612],"wppr_data":[],"_links":{"self":[{"href":"https:\/\/www.notaoficial.com\/s\/wp-json\/wp\/v2\/posts\/2596"}],"collection":[{"href":"https:\/\/www.notaoficial.com\/s\/wp-json\/wp\/v2\/posts"}],"about":[{"href":"https:\/\/www.notaoficial.com\/s\/wp-json\/wp\/v2\/types\/post"}],"author":[{"embeddable":true,"href":"https:\/\/www.notaoficial.com\/s\/wp-json\/wp\/v2\/users\/2"}],"replies":[{"embeddable":true,"href":"https:\/\/www.notaoficial.com\/s\/wp-json\/wp\/v2\/comments?post=2596"}],"version-history":[{"count":1,"href":"https:\/\/www.notaoficial.com\/s\/wp-json\/wp\/v2\/posts\/2596\/revisions"}],"predecessor-version":[{"id":2598,"href":"https:\/\/www.notaoficial.com\/s\/wp-json\/wp\/v2\/posts\/2596\/revisions\/2598"}],"wp:featuredmedia":[{"embeddable":true,"href":"https:\/\/www.notaoficial.com\/s\/wp-json\/wp\/v2\/media\/2597"}],"wp:attachment":[{"href":"https:\/\/www.notaoficial.com\/s\/wp-json\/wp\/v2\/media?parent=2596"}],"wp:term":[{"taxonomy":"category","embeddable":true,"href":"https:\/\/www.notaoficial.com\/s\/wp-json\/wp\/v2\/categories?post=2596"},{"taxonomy":"post_tag","embeddable":true,"href":"https:\/\/www.notaoficial.com\/s\/wp-json\/wp\/v2\/tags?post=2596"}],"curies":[{"name":"wp","href":"https:\/\/api.w.org\/{rel}","templated":true}]}}