{"id":26140,"date":"2025-07-31T17:43:43","date_gmt":"2025-07-31T21:43:43","guid":{"rendered":"https:\/\/www.notaoficial.com\/s\/?p=26140"},"modified":"2025-08-06T17:44:55","modified_gmt":"2025-08-06T21:44:55","slug":"subway-suma-a-su-menu-el-sub-de-milanesa-un-clasico-bien-argentino","status":"publish","type":"post","link":"https:\/\/www.notaoficial.com\/s\/2025\/07\/31\/subway-suma-a-su-menu-el-sub-de-milanesa-un-clasico-bien-argentino\/","title":{"rendered":"Subway\u00ae suma a su men\u00fa el \u00abSub de Milanesa\u00bb, un cl\u00e1sico bien argentino"},"content":{"rendered":"<p>Hay sabores que nos marcan, que nos hacen viajar en el tiempo, al almuerzo con amigos despu\u00e9s del colegio, a la casa de los abuelos, o a ese bar de barrio donde siempre pedimos lo mismo.<\/p>\n<p>Subway\u00ae, l\u00edder mundial en la categor\u00eda de s\u00e1ndwiches, celebra esa memoria colectiva y rinde homenaje a ese \u00edcono de la cocina argentina con una propuesta pensada para disfrutar entre amigos con el lanzamiento de un nuevo producto que tiene todo lo que nos gusta: el<strong> Sub de Milanesa<\/strong>, un cl\u00e1sico argentino con el sello de Subway.<\/p>\n<p>El nuevo Sub de Milanesa ya est\u00e1 disponible en formato 15 cm y en el cl\u00e1sico Footlong de 30 cm en todos los restaurantes del pa\u00eds. Adicionalmente, y como parte del lanzamiento, desde el 19 de junio y hasta el 31 de agosto \u2014incluyendo julio, el mes del amigo\u2014, Subway lanza una<strong> promoci\u00f3n irrepetible <\/strong>y ofrecer\u00e1 este nuevo Sub a un precio especial pensado para compartir durante todo ese periodo.<\/p>\n<p>\u00abJulio es fr\u00edo, pero tambi\u00e9n es abrazo, encuentro, charla con amigos. Y no hay nada que combine mejor con todo eso que una buena milanesa. Con este lanzamiento, queremos invitar a nuestros clientes a reencontrarse con ese sabor de siempre y tan nuestro, en versi\u00f3n Subway, a partir de ahora y en cualquier \u00e9poca el a\u00f1o\u00bb, destaca Sof\u00eda Roca, gerente marketing de Subway para Latinoam\u00e9rica.<\/p>\n<p>Servido en pan reci\u00e9n horneado, con la posibilidad de personalizarlo con vegetales y salsas, <strong>el Sub de Milanesa<\/strong> es perfecto para quienes buscan sabor, calidad y conveniencia. Adem\u00e1s, es ideal para sumar en combo y disfrutar una comida completa sin gastar de m\u00e1s.<\/p>\n<p>Este lanzamiento forma parte de una estrategia de valor que incluye promociones vigentes todo el mes, pensadas para acompa\u00f1ar el ritmo del invierno con opciones ricas y convenientes.<\/p>\n<p>Porque si algo sabemos en Argentina, es que los mejores momentos saben a milanesa.<\/p>\n","protected":false},"excerpt":{"rendered":"<p>Hay sabores que nos marcan, que nos hacen viajar en el tiempo, al almuerzo con amigos despu\u00e9s del colegio, a la casa de los abuelos, o a ese bar de barrio donde siempre pedimos lo mismo. Subway\u00ae, l\u00edder mundial en la categor\u00eda de s\u00e1ndwiches, celebra esa memoria colectiva y rinde homenaje a ese \u00edcono de [&hellip;]<\/p>\n","protected":false},"author":2,"featured_media":26143,"comment_status":"closed","ping_status":"open","sticky":false,"template":"","format":"standard","meta":[],"categories":[93,146,2],"tags":[10529],"wppr_data":{"cwp_meta_box_check":"No"},"_links":{"self":[{"href":"https:\/\/www.notaoficial.com\/s\/wp-json\/wp\/v2\/posts\/26140"}],"collection":[{"href":"https:\/\/www.notaoficial.com\/s\/wp-json\/wp\/v2\/posts"}],"about":[{"href":"https:\/\/www.notaoficial.com\/s\/wp-json\/wp\/v2\/types\/post"}],"author":[{"embeddable":true,"href":"https:\/\/www.notaoficial.com\/s\/wp-json\/wp\/v2\/users\/2"}],"replies":[{"embeddable":true,"href":"https:\/\/www.notaoficial.com\/s\/wp-json\/wp\/v2\/comments?post=26140"}],"version-history":[{"count":1,"href":"https:\/\/www.notaoficial.com\/s\/wp-json\/wp\/v2\/posts\/26140\/revisions"}],"predecessor-version":[{"id":26144,"href":"https:\/\/www.notaoficial.com\/s\/wp-json\/wp\/v2\/posts\/26140\/revisions\/26144"}],"wp:featuredmedia":[{"embeddable":true,"href":"https:\/\/www.notaoficial.com\/s\/wp-json\/wp\/v2\/media\/26143"}],"wp:attachment":[{"href":"https:\/\/www.notaoficial.com\/s\/wp-json\/wp\/v2\/media?parent=26140"}],"wp:term":[{"taxonomy":"category","embeddable":true,"href":"https:\/\/www.notaoficial.com\/s\/wp-json\/wp\/v2\/categories?post=26140"},{"taxonomy":"post_tag","embeddable":true,"href":"https:\/\/www.notaoficial.com\/s\/wp-json\/wp\/v2\/tags?post=26140"}],"curies":[{"name":"wp","href":"https:\/\/api.w.org\/{rel}","templated":true}]}}