{"id":2624,"date":"2018-08-09T19:24:54","date_gmt":"2018-08-09T23:24:54","guid":{"rendered":"http:\/\/www.notaoficial.com\/s\/?p=2624"},"modified":"2018-08-09T19:24:54","modified_gmt":"2018-08-09T23:24:54","slug":"las-mandolinas-se-aduenan-del-centro-cultural-bod","status":"publish","type":"post","link":"https:\/\/www.notaoficial.com\/s\/2018\/08\/09\/las-mandolinas-se-aduenan-del-centro-cultural-bod\/","title":{"rendered":"Las Mandolinas se adue\u00f1an del Centro Cultural BOD"},"content":{"rendered":"<p>Con su rica sonoridad, la mandolina ha sido protagonista esencial de la m\u00fasica instrumental venezolana.<\/p>\n<p>Para rendir tributo a la prolija historia del instrumento mel\u00f3dico por excelencia del pa\u00eds, cuyo desarrollo ha estado muy ligado a las orquestas t\u00edpicas y, especialmente, a las estudiantinas, el domingo 12 de agosto, a las 11:30 a.m., llegan a la Sala Experimental del Centro Cultural BOD dos sobresalientes ejecutantes: Nancy G\u00f3mez y Yolanda Aranguren, quienes interpretar\u00e1n un variado repertorio de valses, merengues, joropos y pasodobles, entre otros.<\/p>\n<p>Con amplia experiencia como solistas, estas exquisitas instrumentistas y entra\u00f1ables colegas, estar\u00e1n acompa\u00f1adas de tres destacados maestros: Jes\u00fas Torres, David Pe\u00f1a y Jes\u00fas Milano, en lo que promete ser un encuentro con la rica y siempre viva tradici\u00f3n de las cuerdas pulsadas.<\/p>\n<p>Esta presentaci\u00f3n est\u00e1 enmarcada en el inicio del ciclo Bajo Cuerdas que durante cinco domingos ofrecer\u00e1 una programaci\u00f3n centrada en instrumentos claves de nuestra m\u00fasica.<\/p>\n<p>As\u00ed, el 19 de agosto, Ismael Querales y sus bandolas llenar\u00e1n de joropo la sala; el 25 de agosto, el joven cuatrista teque\u00f1o Fernando Rodr\u00edguez mostrar\u00e1 su vers\u00e1til propuesta; el virtuoso Daniel Requena har\u00e1 lo propio el 2 de septiembre y el 9 de ese mismo mes, la multi-instrumentista Milagros Figuera mostrar\u00e1 la riqueza de nuestro acervo.<\/p>\n<p>Las entradas para Mandolinas: Nancy G\u00f3mez y Yolanda Aranguren pueden adquirirse a trav\u00e9s del portal de ticketmundo y en las taquillas del teatro. Mayor informaci\u00f3n en www.centroculturalbod.com, por los tel\u00e9fonos: 0800CCBOD (0800 22263 00) o en Instagram y Twitter: @cculturalbod.<\/p>\n","protected":false},"excerpt":{"rendered":"<p>Con su rica sonoridad, la mandolina ha sido protagonista esencial de la m\u00fasica instrumental venezolana. Para rendir tributo a la prolija historia del instrumento mel\u00f3dico por excelencia del pa\u00eds, cuyo desarrollo ha estado muy ligado a las orquestas t\u00edpicas y, especialmente, a las estudiantinas, el domingo 12 de agosto, a las 11:30 a.m., llegan a [&hellip;]<\/p>\n","protected":false},"author":2,"featured_media":2625,"comment_status":"closed","ping_status":"open","sticky":false,"template":"","format":"standard","meta":[],"categories":[463,2],"tags":[1662,379,1664,1665,1663,1666,1660,1661],"wppr_data":[],"_links":{"self":[{"href":"https:\/\/www.notaoficial.com\/s\/wp-json\/wp\/v2\/posts\/2624"}],"collection":[{"href":"https:\/\/www.notaoficial.com\/s\/wp-json\/wp\/v2\/posts"}],"about":[{"href":"https:\/\/www.notaoficial.com\/s\/wp-json\/wp\/v2\/types\/post"}],"author":[{"embeddable":true,"href":"https:\/\/www.notaoficial.com\/s\/wp-json\/wp\/v2\/users\/2"}],"replies":[{"embeddable":true,"href":"https:\/\/www.notaoficial.com\/s\/wp-json\/wp\/v2\/comments?post=2624"}],"version-history":[{"count":1,"href":"https:\/\/www.notaoficial.com\/s\/wp-json\/wp\/v2\/posts\/2624\/revisions"}],"predecessor-version":[{"id":2626,"href":"https:\/\/www.notaoficial.com\/s\/wp-json\/wp\/v2\/posts\/2624\/revisions\/2626"}],"wp:featuredmedia":[{"embeddable":true,"href":"https:\/\/www.notaoficial.com\/s\/wp-json\/wp\/v2\/media\/2625"}],"wp:attachment":[{"href":"https:\/\/www.notaoficial.com\/s\/wp-json\/wp\/v2\/media?parent=2624"}],"wp:term":[{"taxonomy":"category","embeddable":true,"href":"https:\/\/www.notaoficial.com\/s\/wp-json\/wp\/v2\/categories?post=2624"},{"taxonomy":"post_tag","embeddable":true,"href":"https:\/\/www.notaoficial.com\/s\/wp-json\/wp\/v2\/tags?post=2624"}],"curies":[{"name":"wp","href":"https:\/\/api.w.org\/{rel}","templated":true}]}}