{"id":2633,"date":"2018-08-09T22:55:38","date_gmt":"2018-08-10T02:55:38","guid":{"rendered":"http:\/\/www.notaoficial.com\/s\/?p=2633"},"modified":"2018-08-09T20:00:15","modified_gmt":"2018-08-10T00:00:15","slug":"baile-y-diversion-con-fuego-gitano","status":"publish","type":"post","link":"https:\/\/www.notaoficial.com\/s\/2018\/08\/09\/baile-y-diversion-con-fuego-gitano\/","title":{"rendered":"Baile y diversi\u00f3n con fuego gitano"},"content":{"rendered":"<p>La Academia de Flamenco Fuego Gitano est\u00e1 ofreciendo su acostumbrado Plan Vacacional para las consentidas de la casa, seg\u00fan inform\u00f3 Macarena Guti\u00e9rrez, profesora de la referida academia, al agregar que el mismo incluye clases de baile (Flamenco, Danza \u00c1rabe, Hip Hop y Danza), adem\u00e1s de actividades educativas y recreativas.<\/p>\n<p>Las ni\u00f1as disfrutar\u00e1n mientras aprenden jugando bisuter\u00eda, manualidades y mucho m\u00e1s, cerrando la semana con una divertida Pijama Party. Las clases ser\u00e1n dictadas por profesores calificados en un ambiente c\u00f3modo y seguro. Los planes semanales de lunes a viernes son de 3:00 pm a 6:00 pm para ni\u00f1as a partir de 4 a\u00f1os, del 6 al 24 de agosto.<\/p>\n<p>Finalmente dijo Macarena que las actividades regulares inician el mi\u00e9rcoles 12 de septiembre, con clases de Flamenco para adultos (ambos sexos) y ni\u00f1as a partir de 3 a\u00f1os (Baby Flamenco), nivel principiante, intermedio y avanzado, cursos sabatinos y clases de casta\u00f1uelas; adem\u00e1s la academia ofrece clases de Danza Arabe con Karina Naja @najabellydance y Bailoterapia con Indhira Garcia @indhirabaile<\/p>\n<p>Fuego Gitano est\u00e1 ubicada en la Urb. Costa Azul , C.C Costa Azul , piso 1 local 11, Porlamar. La primera clase de prueba es gratuita mayor informaci\u00f3n por los tlfs 0295 2624429 \/ 0414 7936311 \/ 0416 6953973 y por las redes sociales @fuegogitano (Instagram).<\/p>\n","protected":false},"excerpt":{"rendered":"<p>La Academia de Flamenco Fuego Gitano est\u00e1 ofreciendo su acostumbrado Plan Vacacional para las consentidas de la casa, seg\u00fan inform\u00f3 Macarena Guti\u00e9rrez, profesora de la referida academia, al agregar que el mismo incluye clases de baile (Flamenco, Danza \u00c1rabe, Hip Hop y Danza), adem\u00e1s de actividades educativas y recreativas. Las ni\u00f1as disfrutar\u00e1n mientras aprenden jugando [&hellip;]<\/p>\n","protected":false},"author":2,"featured_media":2634,"comment_status":"closed","ping_status":"open","sticky":false,"template":"","format":"standard","meta":[],"categories":[1675,140,2],"tags":[1676,1679,1677,1678,1680],"wppr_data":[],"_links":{"self":[{"href":"https:\/\/www.notaoficial.com\/s\/wp-json\/wp\/v2\/posts\/2633"}],"collection":[{"href":"https:\/\/www.notaoficial.com\/s\/wp-json\/wp\/v2\/posts"}],"about":[{"href":"https:\/\/www.notaoficial.com\/s\/wp-json\/wp\/v2\/types\/post"}],"author":[{"embeddable":true,"href":"https:\/\/www.notaoficial.com\/s\/wp-json\/wp\/v2\/users\/2"}],"replies":[{"embeddable":true,"href":"https:\/\/www.notaoficial.com\/s\/wp-json\/wp\/v2\/comments?post=2633"}],"version-history":[{"count":1,"href":"https:\/\/www.notaoficial.com\/s\/wp-json\/wp\/v2\/posts\/2633\/revisions"}],"predecessor-version":[{"id":2635,"href":"https:\/\/www.notaoficial.com\/s\/wp-json\/wp\/v2\/posts\/2633\/revisions\/2635"}],"wp:featuredmedia":[{"embeddable":true,"href":"https:\/\/www.notaoficial.com\/s\/wp-json\/wp\/v2\/media\/2634"}],"wp:attachment":[{"href":"https:\/\/www.notaoficial.com\/s\/wp-json\/wp\/v2\/media?parent=2633"}],"wp:term":[{"taxonomy":"category","embeddable":true,"href":"https:\/\/www.notaoficial.com\/s\/wp-json\/wp\/v2\/categories?post=2633"},{"taxonomy":"post_tag","embeddable":true,"href":"https:\/\/www.notaoficial.com\/s\/wp-json\/wp\/v2\/tags?post=2633"}],"curies":[{"name":"wp","href":"https:\/\/api.w.org\/{rel}","templated":true}]}}