{"id":2639,"date":"2018-08-11T10:35:52","date_gmt":"2018-08-11T14:35:52","guid":{"rendered":"http:\/\/www.notaoficial.com\/s\/?p=2639"},"modified":"2018-08-11T10:35:52","modified_gmt":"2018-08-11T14:35:52","slug":"talleres-literarios-y-club-de-lectura-para-adolescentes-se-ofrecen-en-la-biblioteca-los-palos-grandes","status":"publish","type":"post","link":"https:\/\/www.notaoficial.com\/s\/2018\/08\/11\/talleres-literarios-y-club-de-lectura-para-adolescentes-se-ofrecen-en-la-biblioteca-los-palos-grandes\/","title":{"rendered":"Talleres Literarios y Club de Lectura para adolescentes  se ofrecen en la Biblioteca Los Palos Grandes"},"content":{"rendered":"<p>Dos talleres literarios y un club de lectura para adolescentes de 12 a 17 a\u00f1os de edad, se ofrecer\u00e1n entre el 14 y el 31 de agosto en la Biblioteca Los Palos Grandes, como parte de la programaci\u00f3n que viene desarrollando Cultura Chacao durante el per\u00edodo de vacaciones 2018.<\/p>\n<p>Del <strong>14 al 17 de agosto<\/strong> se llevar\u00e1 a cabo el Club de lectura<strong> \u201cEl libro salvaje\u201d <\/strong>de 10:30 am a 12:30 pm, bajo la gu\u00eda de Alberto S\u00e1ez. En este club se buscar\u00e1 promover el acercamiento a la literatura, desde un libro muy especial: <em>El Libro salvaje<\/em>, del escritor mexicano Juan Villoro.<\/p>\n<p>Del <strong>21 al 24 de agosto<\/strong> de 2 a 5 pm, Neysara\u00ed Paz dictar\u00e1 el taller de escritura creativa <strong>\u201cDe la narrativa y sus alrededores\u201d<\/strong>, el cual pretende brindarle al estudiante herramientas que le permitan desarrollar su capacidad creativa y, as\u00ed, dar paso a la escritura de futuros relatos.<\/p>\n<p>Del <strong>28 al 31 de agosto<\/strong> de 2:30 a 4:30 pm se ofrecer\u00e1 el taller de filosof\u00eda para j\u00f3venes <strong>\u201cTiempo libre para pensar\u201d<\/strong>, con Ingrid Castro como facilitadora, en el que se brindar\u00e1 un espacio para reflexionar sobre el libro <em>El mundo de Sof\u00eda<\/em>, como un medio para responder preguntas como \u00bfQui\u00e9n eres? y as\u00ed\u00a0 tratar de aproximar al participante, de una forma din\u00e1mica, a la historia de la filosof\u00eda, por medio de recursos como juegos, pel\u00edculas y debates.<\/p>\n<p>Las personas interesadas en inscribirse en el club de lectura o en los talleres literarios, deben llamar previamente al tel\u00e9fono 0212-7164890 o escribir al correo <a href=\"mailto:salaeugeniomontejo@gmail.com\">salaeugeniomontejo@gmail.com<\/a> El costo es de Bs.F 3.000.000 (Bs.S 30) cada uno<\/p>\n<p>Mayor informaci\u00f3n puede ser solicitada por el correo electr\u00f3nico <a href=\"mailto:bibliotecalpggerencia@gmail.com\">bibliotecalpggerencia@gmail.com<\/a>, por la p\u00e1gina web <a href=\"http:\/\/cultura.chacao.gob.ve\/\" data-saferedirecturl=\"https:\/\/www.google.com\/url?hl=es&amp;q=http:\/\/cultura.chacao.gob.ve\/&amp;source=gmail&amp;ust=1534084265230000&amp;usg=AFQjCNHfQ9wg8FBRs82r6AONrqRJK9OnEg\">cultura.chacao.gob.ve<\/a>, o a trav\u00e9s de las cuentas de Twitter: <u><a href=\"https:\/\/twitter.com\/culturachacao\" data-saferedirecturl=\"https:\/\/www.google.com\/url?hl=es&amp;q=https:\/\/twitter.com\/culturachacao&amp;source=gmail&amp;ust=1534084265231000&amp;usg=AFQjCNFDdcOJOF5OYppy3Nt453fUGGR64w\">@culturachacao<\/a><\/u> y <u><a href=\"https:\/\/twitter.com\/BibliotecaLPG\" data-saferedirecturl=\"https:\/\/www.google.com\/url?hl=es&amp;q=https:\/\/twitter.com\/BibliotecaLPG&amp;source=gmail&amp;ust=1534084265231000&amp;usg=AFQjCNFf_tgkL1-T4-eYUUuG5gVQkdGwOA\">@BibiotlecaLPG <\/a><\/u>\u00a0Facebook: <a href=\"https:\/\/www.facebook.com\/culturachacao.org\" data-saferedirecturl=\"https:\/\/www.google.com\/url?hl=es&amp;q=https:\/\/www.facebook.com\/culturachacao.org&amp;source=gmail&amp;ust=1534084265231000&amp;usg=AFQjCNEcRszkKvH1VsSb1-JC1_fPX5pRcg\">culturachacao.org<\/a>\u00a0 Instagram: <a href=\"https:\/\/instagram.com\/culturachacao\/\" data-saferedirecturl=\"https:\/\/www.google.com\/url?hl=es&amp;q=https:\/\/instagram.com\/culturachacao\/&amp;source=gmail&amp;ust=1534084265231000&amp;usg=AFQjCNGS2TBy5qjpLQ_TMu-SHUFkl86foA\">culturachacao<\/a><\/p>\n","protected":false},"excerpt":{"rendered":"<p>Dos talleres literarios y un club de lectura para adolescentes de 12 a 17 a\u00f1os de edad, se ofrecer\u00e1n entre el 14 y el 31 de agosto en la Biblioteca Los Palos Grandes, como parte de la programaci\u00f3n que viene desarrollando Cultura Chacao durante el per\u00edodo de vacaciones 2018. Del 14 al 17 de agosto [&hellip;]<\/p>\n","protected":false},"author":2,"featured_media":2640,"comment_status":"closed","ping_status":"open","sticky":false,"template":"","format":"standard","meta":[],"categories":[274,140,2],"tags":[331,328,277,1685,1684,1687,1683,1686],"wppr_data":[],"_links":{"self":[{"href":"https:\/\/www.notaoficial.com\/s\/wp-json\/wp\/v2\/posts\/2639"}],"collection":[{"href":"https:\/\/www.notaoficial.com\/s\/wp-json\/wp\/v2\/posts"}],"about":[{"href":"https:\/\/www.notaoficial.com\/s\/wp-json\/wp\/v2\/types\/post"}],"author":[{"embeddable":true,"href":"https:\/\/www.notaoficial.com\/s\/wp-json\/wp\/v2\/users\/2"}],"replies":[{"embeddable":true,"href":"https:\/\/www.notaoficial.com\/s\/wp-json\/wp\/v2\/comments?post=2639"}],"version-history":[{"count":1,"href":"https:\/\/www.notaoficial.com\/s\/wp-json\/wp\/v2\/posts\/2639\/revisions"}],"predecessor-version":[{"id":2641,"href":"https:\/\/www.notaoficial.com\/s\/wp-json\/wp\/v2\/posts\/2639\/revisions\/2641"}],"wp:featuredmedia":[{"embeddable":true,"href":"https:\/\/www.notaoficial.com\/s\/wp-json\/wp\/v2\/media\/2640"}],"wp:attachment":[{"href":"https:\/\/www.notaoficial.com\/s\/wp-json\/wp\/v2\/media?parent=2639"}],"wp:term":[{"taxonomy":"category","embeddable":true,"href":"https:\/\/www.notaoficial.com\/s\/wp-json\/wp\/v2\/categories?post=2639"},{"taxonomy":"post_tag","embeddable":true,"href":"https:\/\/www.notaoficial.com\/s\/wp-json\/wp\/v2\/tags?post=2639"}],"curies":[{"name":"wp","href":"https:\/\/api.w.org\/{rel}","templated":true}]}}