{"id":2645,"date":"2018-08-14T10:43:11","date_gmt":"2018-08-14T14:43:11","guid":{"rendered":"http:\/\/www.notaoficial.com\/s\/?p=2645"},"modified":"2018-08-11T10:46:38","modified_gmt":"2018-08-11T14:46:38","slug":"daniel-santacruz-estrena-video-rapida-y-furiosa","status":"publish","type":"post","link":"https:\/\/www.notaoficial.com\/s\/2018\/08\/14\/daniel-santacruz-estrena-video-rapida-y-furiosa\/","title":{"rendered":"Daniel Santacruz estrena v\u00eddeo \u201cR\u00e1pida y Furiosa\u201d"},"content":{"rendered":"<p align=\"justify\"><strong>(@<a href=\"https:\/\/sable.madmimi.com\/c\/28511?id=8890702.10699.1.1359fc80bb841332be43e01f5f8b84c5\" target=\"_blank\" rel=\"noopener\" data-saferedirecturl=\"https:\/\/www.google.com\/url?hl=es&amp;q=https:\/\/sable.madmimi.com\/c\/28511?id%3D8890702.10699.1.1359fc80bb841332be43e01f5f8b84c5&amp;source=gmail&amp;ust=1534084265195000&amp;usg=AFQjCNHVESE2_0gWnhQ-N0BFJtfUBiE7EQ\">MinayaPR<\/a>)<\/strong> El cantautor <strong>Daniel Santacruz<\/strong> quien recientemente lanz\u00f3 al mercado su sexto \u00e1lbum \u201cMomentos de Cine\u201d, estrena hoy viernes 10 de agosto el video oficial de su sencillo promocional \u201c<a href=\"https:\/\/sable.madmimi.com\/c\/28511?id=8890702.10700.1.37f25c8b774325a659a49c8249eb3970\" target=\"_blank\" rel=\"noopener\" data-saferedirecturl=\"https:\/\/www.google.com\/url?hl=es&amp;q=https:\/\/sable.madmimi.com\/c\/28511?id%3D8890702.10700.1.37f25c8b774325a659a49c8249eb3970&amp;source=gmail&amp;ust=1534084265195000&amp;usg=AFQjCNHg_dcOqOK34Rs47Z_xDVkGH7pBcg\">R\u00e1pida y Furiosa<\/a>\u201d, rodado en Argentina dirigido por <strong>Team Barbas<\/strong>.<\/p>\n<p align=\"justify\">Diversas locaciones y avenidas de la bell\u00edsima ciudad de Buenos Aires sirvieron de escenario para recrear una carrera automovil\u00edstica y un reto de amor, entre Daniel Santacruz y la bella actriz <strong>Sthephany Lucero<\/strong>, quien adem\u00e1s es bailarina, profesora y productora de eventos tropicales, tambi\u00e9n cuenta con el antag\u00f3nico del argentino <strong>Ale Radetic<\/strong>.<\/p>\n<p align=\"justify\"><a href=\"https:\/\/sable.madmimi.com\/c\/28511?id=8890702.10701.1.0cce94d05d8083e82e1288604a030cfb\" target=\"_blank\" rel=\"noopener\" data-saferedirecturl=\"https:\/\/www.google.com\/url?hl=es&amp;q=https:\/\/sable.madmimi.com\/c\/28511?id%3D8890702.10701.1.0cce94d05d8083e82e1288604a030cfb&amp;source=gmail&amp;ust=1534084265195000&amp;usg=AFQjCNETq6d4kE6FTG8Ey-JhpxJu65RLRA\">Vea el video R\u00e1pida y Furiosa<\/a><\/p>\n<p align=\"justify\">\u00abR\u00e1pida Y Furiosa\u00bb es una bachata moderna y experimental con fusiones de sonidos R&amp;B y melod\u00edas que navegan por las corrientes actuales de la m\u00fasica, sencillo que acompa\u00f1a a 16 temas m\u00e1s dentro de este nuevo disco del cantautor de origen dominicano, radicado en los Estados Unidos, quien ha sido ganador de 12 premios ASCAP, 3 Premio Lo Nuestro, 3 Premios Billboard Latino, 2 Latin American Music Awards y 2 Premios Soberano, constantemente nominado y premiado por temas propios y para otros cantantes.<\/p>\n<p align=\"justify\">Santacruz, aprovech\u00f3 esta visita a la capital suramericana, para grabar dos videos y presentar ante un concurrido grupo de personas, su \u00faltima producci\u00f3n discogr\u00e1fica producida por el mismo Daniel junto a <strong>Israel Palma \u201cMayinbito\u201d<\/strong> y <strong>Richy Rojas<\/strong> \u201cMomentos de Cine\u201d, siendo un \u00e1lbum concepto con temas alusivos a pel\u00edculas famosas del s\u00e9ptimo arte y tambi\u00e9n el nombre de su nueva gira, que inici\u00f3 en Frosinone, Italia, para seguir por Porto Alegre, Brasil y continuar por Santiago de Chile, Uruguay y Argentina.<\/p>\n<p align=\"justify\"><strong>Ficha t\u00e9cnica del v\u00eddeo:<\/strong><br \/>\nDirecci\u00f3n \/ Team Barbas<br \/>\nDop \/ Hernan Eizmendi<br \/>\nFoquista \/ Pablo Orellana<br \/>\nAsistente Camara \/ Juan Molano &amp; Soledad Fernandez<\/p>\n<p>Edici\u00f3n \/ Jano Piccardo<br \/>\nGrip \/ Cristian Rodriguez<br \/>\nOperador Flycam \/ Juan Lima<br \/>\nGaffer \/ Fabian Tigani<br \/>\nDrone \/ Motta<br \/>\nEl\u00e9ctrico \/ Hector Mauro Raggio<br \/>\nEl\u00e9ctrico \/ Manu Bustos<br \/>\nDirecci\u00f3n De Arte \/ Julieta Duich<br \/>\nMaquillaje \/ Milena Perez<br \/>\nJefe De Producci\u00f3n \/ Sol Campanella<br \/>\nActriz \/ Stephanie Lucero<br \/>\nActor \/ Ale Radetic<\/p>\n<p align=\"justify\">Escenas de velocidad y riesgo fueron realizadas por Ale Radetic.<\/p>\n<p>&nbsp;<\/p>\n<p><iframe loading=\"lazy\" src=\"https:\/\/www.youtube.com\/embed\/cC49ayGHOkY\" width=\"1020\" height=\"587\" frameborder=\"0\" allowfullscreen=\"allowfullscreen\"><\/iframe><\/p>\n","protected":false},"excerpt":{"rendered":"<p>(@MinayaPR) El cantautor Daniel Santacruz quien recientemente lanz\u00f3 al mercado su sexto \u00e1lbum \u201cMomentos de Cine\u201d, estrena hoy viernes 10 de agosto el video oficial de su sencillo promocional \u201cR\u00e1pida y Furiosa\u201d, rodado en Argentina dirigido por Team Barbas. Diversas locaciones y avenidas de la bell\u00edsima ciudad de Buenos Aires sirvieron de escenario para recrear [&hellip;]<\/p>\n","protected":false},"author":2,"featured_media":2646,"comment_status":"closed","ping_status":"open","sticky":false,"template":"","format":"standard","meta":[],"categories":[146],"tags":[1690,17,1695,1693,1697,1694,1696,1698,1691,1692],"wppr_data":[],"_links":{"self":[{"href":"https:\/\/www.notaoficial.com\/s\/wp-json\/wp\/v2\/posts\/2645"}],"collection":[{"href":"https:\/\/www.notaoficial.com\/s\/wp-json\/wp\/v2\/posts"}],"about":[{"href":"https:\/\/www.notaoficial.com\/s\/wp-json\/wp\/v2\/types\/post"}],"author":[{"embeddable":true,"href":"https:\/\/www.notaoficial.com\/s\/wp-json\/wp\/v2\/users\/2"}],"replies":[{"embeddable":true,"href":"https:\/\/www.notaoficial.com\/s\/wp-json\/wp\/v2\/comments?post=2645"}],"version-history":[{"count":1,"href":"https:\/\/www.notaoficial.com\/s\/wp-json\/wp\/v2\/posts\/2645\/revisions"}],"predecessor-version":[{"id":2647,"href":"https:\/\/www.notaoficial.com\/s\/wp-json\/wp\/v2\/posts\/2645\/revisions\/2647"}],"wp:featuredmedia":[{"embeddable":true,"href":"https:\/\/www.notaoficial.com\/s\/wp-json\/wp\/v2\/media\/2646"}],"wp:attachment":[{"href":"https:\/\/www.notaoficial.com\/s\/wp-json\/wp\/v2\/media?parent=2645"}],"wp:term":[{"taxonomy":"category","embeddable":true,"href":"https:\/\/www.notaoficial.com\/s\/wp-json\/wp\/v2\/categories?post=2645"},{"taxonomy":"post_tag","embeddable":true,"href":"https:\/\/www.notaoficial.com\/s\/wp-json\/wp\/v2\/tags?post=2645"}],"curies":[{"name":"wp","href":"https:\/\/api.w.org\/{rel}","templated":true}]}}