{"id":2658,"date":"2018-08-14T17:17:24","date_gmt":"2018-08-14T21:17:24","guid":{"rendered":"http:\/\/www.notaoficial.com\/s\/?p=2658"},"modified":"2018-08-14T16:22:07","modified_gmt":"2018-08-14T20:22:07","slug":"ismael-querales-y-sus-bandolas-suenan-en-el-centro-cultural-bod","status":"publish","type":"post","link":"https:\/\/www.notaoficial.com\/s\/2018\/08\/14\/ismael-querales-y-sus-bandolas-suenan-en-el-centro-cultural-bod\/","title":{"rendered":"Ismael Querales y sus bandolas suenan  en el Centro Cultural BOD"},"content":{"rendered":"<p>Ismael Querales, m\u00fasico y compositor venezolano nacido en Caracas en 1953, ha convertido su bandola en puntero de un enfoque actual de la m\u00fasica venezolana. Con ello, ha establecido una tendencia diferente dentro de la m\u00fasica contempor\u00e1nea en la cual se fusiona la m\u00fasica tradicional llanera y otros g\u00e9neros, como el joropo central, con elementos de la m\u00fasica urbana.<\/p>\n<p>Querales ha realizado una investigaci\u00f3n pausada y minuciosa en torno a la bandola, explotando sus posibilidades y recursos para lograr establecer nuevos par\u00e1metros conceptuales que contribuyen al avance y desarrollo de la m\u00fasica venezolana.<\/p>\n<p>Es fundador e integrante del grupo Un Solo Pueblo, as\u00ed como miembro fundador de las siguientes agrupaciones e instituciones: Canturia Popular Venezolana, Pasacalle, Rucaneo del Mabil y la Fundaci\u00f3n Nacional para el Desarrollo de la Cultura Tradicional (Fundatradiciones). Tambi\u00e9n ha sido miembro del grupo C\u00e1ntaro y creador de la agrupaci\u00f3n La Banda de la Bandola (Mastranto Jazz) y formado parte de la Orquesta T\u00edpica Nacional.<\/p>\n<p>Se ha presentado en sinn\u00famero de festivales a nivel nacional e internacional (Colombia, Bolivia, Guayana Francesa, Rep\u00fablica Dominicana, Puerto Rico, Cuba, Nicaragua, M\u00e9xico, Estados Unidos, Espa\u00f1a, Francia, Italia, Alemania, Austria, Holanda, Suiza, Inglaterra, B\u00e9lgica, entre otros).<\/p>\n<p>Ha participado en los discos grabados por Un Solo Pueblo y Venezuela Un Solo Pueblo, como solista e instrumentista (25 vol\u00famenes, 1977\u20131996); en Teo Capriles Canta a Caracas, como solista y corista (1978); en el disco Canturia Popular Navide\u00f1a Venezolana, como solista, Alcald\u00eda de Caracas (1992); y en cinco grabaciones con el grupo Pasacalle (1998\u20132003). Asimismo, en grabaciones con artistas reconocidos tales como Luis Mariano Rivera, Cecilia Todd, Lilia Vera, Ilan Chester, Sim\u00f3n D\u00edaz, Wilfrido Vargas, Serenata Guayanesa, El Carrao de Palmarito, Gualberto Ibarreto, Nancy Ramos, Reina Lucero, Francisco Pacheco, Reynaldo Armas, Iv\u00e1n P\u00e9rez Rossi, y Los Vasallos del Sol por solo mencionar algunos.<\/p>\n","protected":false},"excerpt":{"rendered":"<p>Ismael Querales, m\u00fasico y compositor venezolano nacido en Caracas en 1953, ha convertido su bandola en puntero de un enfoque actual de la m\u00fasica venezolana. Con ello, ha establecido una tendencia diferente dentro de la m\u00fasica contempor\u00e1nea en la cual se fusiona la m\u00fasica tradicional llanera y otros g\u00e9neros, como el joropo central, con elementos [&hellip;]<\/p>\n","protected":false},"author":2,"featured_media":2659,"comment_status":"closed","ping_status":"open","sticky":false,"template":"","format":"standard","meta":[],"categories":[463,2],"tags":[1721,1662,379,1720,1719,1663],"wppr_data":[],"_links":{"self":[{"href":"https:\/\/www.notaoficial.com\/s\/wp-json\/wp\/v2\/posts\/2658"}],"collection":[{"href":"https:\/\/www.notaoficial.com\/s\/wp-json\/wp\/v2\/posts"}],"about":[{"href":"https:\/\/www.notaoficial.com\/s\/wp-json\/wp\/v2\/types\/post"}],"author":[{"embeddable":true,"href":"https:\/\/www.notaoficial.com\/s\/wp-json\/wp\/v2\/users\/2"}],"replies":[{"embeddable":true,"href":"https:\/\/www.notaoficial.com\/s\/wp-json\/wp\/v2\/comments?post=2658"}],"version-history":[{"count":1,"href":"https:\/\/www.notaoficial.com\/s\/wp-json\/wp\/v2\/posts\/2658\/revisions"}],"predecessor-version":[{"id":2660,"href":"https:\/\/www.notaoficial.com\/s\/wp-json\/wp\/v2\/posts\/2658\/revisions\/2660"}],"wp:featuredmedia":[{"embeddable":true,"href":"https:\/\/www.notaoficial.com\/s\/wp-json\/wp\/v2\/media\/2659"}],"wp:attachment":[{"href":"https:\/\/www.notaoficial.com\/s\/wp-json\/wp\/v2\/media?parent=2658"}],"wp:term":[{"taxonomy":"category","embeddable":true,"href":"https:\/\/www.notaoficial.com\/s\/wp-json\/wp\/v2\/categories?post=2658"},{"taxonomy":"post_tag","embeddable":true,"href":"https:\/\/www.notaoficial.com\/s\/wp-json\/wp\/v2\/tags?post=2658"}],"curies":[{"name":"wp","href":"https:\/\/api.w.org\/{rel}","templated":true}]}}