{"id":2669,"date":"2018-08-14T23:56:21","date_gmt":"2018-08-15T03:56:21","guid":{"rendered":"http:\/\/www.notaoficial.com\/s\/?p=2669"},"modified":"2018-08-14T17:02:41","modified_gmt":"2018-08-14T21:02:41","slug":"cultura-chacao-ofrece-recorrido-arquitectonico-por-la-urbanizacion-bello-campo","status":"publish","type":"post","link":"https:\/\/www.notaoficial.com\/s\/2018\/08\/14\/cultura-chacao-ofrece-recorrido-arquitectonico-por-la-urbanizacion-bello-campo\/","title":{"rendered":"Cultura Chacao ofrece recorrido arquitect\u00f3nico  por la urbanizaci\u00f3n Bello Campo"},"content":{"rendered":"<p style=\"font-weight: 400;\">Un Arquitour por la urbanizaci\u00f3n Bello Campo ofrecer\u00e1 Cultura Chacao el s\u00e1bado 18 de agosto, a partir de las 9 am, como parte de la programaci\u00f3n de rutas tur\u00edsticas correspondiente al a\u00f1o 2018, a trav\u00e9s de la cual se le brinda a los participantes la oportunidad de conocer la historia urbana y el desarrollo arquitect\u00f3nico de diferentes zonas del municipio Chacao.<\/p>\n<p style=\"font-weight: 400;\">Con la gu\u00eda de arquitectos especialistas en historia de la arquitectura y patrimonio cultural arquitect\u00f3nico, el recorrido en esta ocasi\u00f3n permitir\u00e1 conocer las edificaciones m\u00e1s emblem\u00e1ticas de la urbanizaci\u00f3n Bello Campo, e identificar las principales\u00a0obras de arquitectura y\u00a0 \u00e1reas de valor urban\u00edstico y paisaj\u00edstico.<\/p>\n<p style=\"font-weight: 400;\">La urbanizaci\u00f3n Bello Campo posee un importante n\u00famero de edificaciones de las d\u00e9cadas de los a\u00f1os 50 y 60, entre las que destacan los edificios multifamiliares \u00abEuropa\u00bb (1958) y\u00a0 \u00abMara\u00bb (1956); la iglesia \u00abEl Buen Pastor\u00bb (1958); el Edificio \u00abMikonoz\u00bb (Arq. J. Gorecki, 1964) y el Centro Comercial \u00abBello Campo\u00bb (Arq. A. Coto e Ing. P. Lustgarten, 1969-71); as\u00ed como tambi\u00e9n equipamientos de arquitectura contempor\u00e1nea promovida por la Alcald\u00eda de Chacao, como la Escuela Municipal Carlos Soublette (Micucci y asociados, 2008), el Gimnasio Vertical (Urban Think Tank)\u00a0y el Parque de Bolsillo Bello Campo (Arq. J. Guerra, 2013).<\/p>\n<p style=\"font-weight: 400;\">Las personas interesadas en\u00a0\u00a0participar en este recorrido deben inscribirse previamente por el correo\u00a0<a href=\"mailto:gerenciatac.cultura@gmail.com\">gerenciatac.cultura@gmail.com<\/a>\u00a0El costo es de Bs.F 800.000,00 (Bs.S 8,00) por persona.<\/p>\n<p style=\"font-weight: 400;\">Mayor informaci\u00f3n puede ser solicitada por el correo\u00a0por\u00a0la p\u00e1gina\u00a0web:\u00a0<a href=\"http:\/\/cultura.chacao.gob.ve\/\" data-saferedirecturl=\"https:\/\/www.google.com\/url?hl=es&amp;q=http:\/\/cultura.chacao.gob.ve&amp;source=gmail&amp;ust=1534363114716000&amp;usg=AFQjCNFgNS3czTu0ipPO9cvO8kYvE_8WPw\">cultura.chacao.gob.ve<\/a>, o a trav\u00e9s de la cuenta de Twitter:\u00a0<a href=\"https:\/\/twitter.com\/culturachacao\" data-saferedirecturl=\"https:\/\/www.google.com\/url?hl=es&amp;q=https:\/\/twitter.com\/culturachacao&amp;source=gmail&amp;ust=1534363114716000&amp;usg=AFQjCNEWdlaTDqaX6L29z38B48N3ZnlFrA\">@culturachacao<\/a><strong>\u00a0<\/strong>Facebook:\u00a0<a href=\"https:\/\/www.facebook.com\/culturachacao.org\" data-saferedirecturl=\"https:\/\/www.google.com\/url?hl=es&amp;q=https:\/\/www.facebook.com\/culturachacao.org&amp;source=gmail&amp;ust=1534363114716000&amp;usg=AFQjCNEsrqq8oRjxkcqh1GeT7_voLqHQrA\">culturachacao.org<\/a>\u00a0\u00a0Instagram:\u00a0<a href=\"https:\/\/instagram.com\/culturachacao\/\" data-saferedirecturl=\"https:\/\/www.google.com\/url?hl=es&amp;q=https:\/\/instagram.com\/culturachacao\/&amp;source=gmail&amp;ust=1534363114716000&amp;usg=AFQjCNFkRtowGgzrNJSVLZlDpuAP9FV8aA\">culturachacao<\/a><\/p>\n","protected":false},"excerpt":{"rendered":"<p>Un Arquitour por la urbanizaci\u00f3n Bello Campo ofrecer\u00e1 Cultura Chacao el s\u00e1bado 18 de agosto, a partir de las 9 am, como parte de la programaci\u00f3n de rutas tur\u00edsticas correspondiente al a\u00f1o 2018, a trav\u00e9s de la cual se le brinda a los participantes la oportunidad de conocer la historia urbana y el desarrollo arquitect\u00f3nico [&hellip;]<\/p>\n","protected":false},"author":2,"featured_media":2670,"comment_status":"closed","ping_status":"open","sticky":false,"template":"","format":"standard","meta":[],"categories":[274,140,2],"tags":[613,1105,919,277,15],"wppr_data":[],"_links":{"self":[{"href":"https:\/\/www.notaoficial.com\/s\/wp-json\/wp\/v2\/posts\/2669"}],"collection":[{"href":"https:\/\/www.notaoficial.com\/s\/wp-json\/wp\/v2\/posts"}],"about":[{"href":"https:\/\/www.notaoficial.com\/s\/wp-json\/wp\/v2\/types\/post"}],"author":[{"embeddable":true,"href":"https:\/\/www.notaoficial.com\/s\/wp-json\/wp\/v2\/users\/2"}],"replies":[{"embeddable":true,"href":"https:\/\/www.notaoficial.com\/s\/wp-json\/wp\/v2\/comments?post=2669"}],"version-history":[{"count":1,"href":"https:\/\/www.notaoficial.com\/s\/wp-json\/wp\/v2\/posts\/2669\/revisions"}],"predecessor-version":[{"id":2671,"href":"https:\/\/www.notaoficial.com\/s\/wp-json\/wp\/v2\/posts\/2669\/revisions\/2671"}],"wp:featuredmedia":[{"embeddable":true,"href":"https:\/\/www.notaoficial.com\/s\/wp-json\/wp\/v2\/media\/2670"}],"wp:attachment":[{"href":"https:\/\/www.notaoficial.com\/s\/wp-json\/wp\/v2\/media?parent=2669"}],"wp:term":[{"taxonomy":"category","embeddable":true,"href":"https:\/\/www.notaoficial.com\/s\/wp-json\/wp\/v2\/categories?post=2669"},{"taxonomy":"post_tag","embeddable":true,"href":"https:\/\/www.notaoficial.com\/s\/wp-json\/wp\/v2\/tags?post=2669"}],"curies":[{"name":"wp","href":"https:\/\/api.w.org\/{rel}","templated":true}]}}