{"id":26709,"date":"2025-09-17T22:37:32","date_gmt":"2025-09-18T02:37:32","guid":{"rendered":"https:\/\/www.notaoficial.com\/s\/?p=26709"},"modified":"2025-09-18T22:44:30","modified_gmt":"2025-09-19T02:44:30","slug":"un-proyecto-que-aprovecha-la-ia-para-la-prevencion-de-los-golpes-de-mar-se-alza-con-el-primer-premio-nacional-de-inteligencia-artificial-de-samsung","status":"publish","type":"post","link":"https:\/\/www.notaoficial.com\/s\/2025\/09\/17\/un-proyecto-que-aprovecha-la-ia-para-la-prevencion-de-los-golpes-de-mar-se-alza-con-el-primer-premio-nacional-de-inteligencia-artificial-de-samsung\/","title":{"rendered":"Un proyecto que aprovecha la IA para la prevenci\u00f3n de los \u201cgolpes de mar\u201d se alza con el Primer Premio Nacional de Inteligencia Artificial de Samsung"},"content":{"rendered":"<p>Samsung ha celebrado la entrega de los Premios Nacionales de Inteligencia Artificial en el marco del Samsung Innovation Campus Summit: AI for a Better World, un encuentro que pone en valor el talento emergente en el \u00e1mbito de la inteligencia artificial y su impacto positivo en la sociedad.<\/p>\n<p>El objeto del certamen es reconocer y premiar los mejores proyectos de inteligencia artificial desarrollados por los participantes del programa formativo Samsung Innovation Campus, un curso de m\u00e1s de 350 horas de formaci\u00f3n en programaci\u00f3n e IA.<\/p>\n<p>El premio principal ha sido para\u00a0<strong>Oleaje<\/strong>, una innovadora herramienta de predicci\u00f3n temprana del clima mar\u00edtimo que busca anticiparse a los efectos del cambio clim\u00e1tico como los llamados \u201cgolpe de mar\u201d. El sistema permite establecer niveles de alarma y actuar con antelaci\u00f3n para reducir riesgos en costas e infraestructuras. Este proyecto ha sido desarrollado por\u00a0<strong>Sara Yag\u00fce Rubio<\/strong>,\u00a0<strong>Nerea Portillo Juan<\/strong>\u00a0y\u00a0<strong>M\u00f3nica Ferrer G\u00f3mez-Cano<\/strong>, alumnas de la Universidad Polit\u00e9cnica de Madrid.<\/p>\n<p>Adem\u00e1s, estos han sido los proyectos que han resultado finalistas:<\/p>\n<ul>\n<li><strong>Smartmoves:<\/strong>\u00a0aplicaci\u00f3n web que aprovecha la IA para mejorar la seguridad, precisi\u00f3n y eficacia de los ejercicios de rehabilitaci\u00f3n f\u00edsica en casa, abordando el reto de la falta de supervisi\u00f3n durante la fisioterapia dom\u00e9stica. Victoria L\u00f3pez Servera, Esmeralda Montesa Mar\u00edn y Sandra P\u00e9rez Herrero han sido las alumnas de la Universtat Polit\u00e8ctica de Valencia que han desarrollado esta iniciativa.<\/li>\n<li><strong>VidiVici:<\/strong>\u00a0Este sistema que ayuda a personas con discapacidad visual a localizar objetos en tiempo real, fomentando la autonom\u00eda, independencia y accesibilidad, ha sido desarrollado por Lorena Mercedes Aular D\u00edaz, Mar\u00eda Jes\u00fas Elorriaga y Blanca Pastor Molina, alumnas de la Universtat Polit\u00e8ctica de Valencia.<\/li>\n<li><strong>Predicci\u00f3n Rotura de Tuber\u00edas:\u00a0<\/strong>una herramienta predictiva que anticipa y previene roturas en la industria, optimizando la gesti\u00f3n de riesgos y que han desarrollado Carolina Carter de Ortueta, Marjorie Coria Uria y Ximena Miranda Deza, alumnas de la Universidad Polit\u00e9cnica de Madrid (UPM).<\/li>\n<\/ul>\n<p>El Jurado de estos galardones ha estado formado por\u00a0<strong>Ernestina Mensalvas<\/strong>, catedr\u00e1tica y miembro del centro de tecnolog\u00eda biom\u00e9dica de la UPM;\u00a0<strong>C\u00e9sar Ferri<\/strong>, catedr\u00e1tico y subdirector de Relaciones con el Entorno Profesional de la Escuela T\u00e9cnica Superior de Ingenier\u00eda Inform\u00e1tica de la Universitat Polit\u00e8cnica de Valencia;\u00a0<strong>Antonio Sirvent<\/strong>, manager en NTT Data y director de formaciones de la Escuela de Organizaci\u00f3n Industrial (EOI);\u00a0<strong>Ezequiel L\u00f3pez Rubio<\/strong>, catedr\u00e1tico de Universidad de Ciencia de la Computaci\u00f3n e Inteligencia Artificial de la Universidad de M\u00e1laga;\u00a0<strong>Miguel \u00c1ngel Ruiz<\/strong>, head of Innovation de Samsung Electronics Iberia.<\/p>\n<p><strong>Un compromiso con la innovaci\u00f3n y la sociedad<\/strong><\/p>\n<p>Con estos premios, Samsung reafirma su compromiso con la formaci\u00f3n y la empleabilidad de los j\u00f3venes, impulsando proyectos que ponen la IA al servicio de las personas y del progreso social.<\/p>\n<p>El Samsung Innovation Campus Summit: AI for a Better World se consolida como un espacio de encuentro entre estudiantes, formadores, expertos y representantes de la industria, donde se reconoce la capacidad de la tecnolog\u00eda para transformar el presente y construir un futuro mejor.<\/p>\n","protected":false},"excerpt":{"rendered":"<p>Samsung ha celebrado la entrega de los Premios Nacionales de Inteligencia Artificial en el marco del Samsung Innovation Campus Summit: AI for a Better World, un encuentro que pone en valor el talento emergente en el \u00e1mbito de la inteligencia artificial y su impacto positivo en la sociedad. El objeto del certamen es reconocer y [&hellip;]<\/p>\n","protected":false},"author":2,"featured_media":0,"comment_status":"closed","ping_status":"open","sticky":false,"template":"","format":"standard","meta":[],"categories":[93,463,146,2],"tags":[9782,10632,2364,15],"wppr_data":{"cwp_meta_box_check":"No"},"_links":{"self":[{"href":"https:\/\/www.notaoficial.com\/s\/wp-json\/wp\/v2\/posts\/26709"}],"collection":[{"href":"https:\/\/www.notaoficial.com\/s\/wp-json\/wp\/v2\/posts"}],"about":[{"href":"https:\/\/www.notaoficial.com\/s\/wp-json\/wp\/v2\/types\/post"}],"author":[{"embeddable":true,"href":"https:\/\/www.notaoficial.com\/s\/wp-json\/wp\/v2\/users\/2"}],"replies":[{"embeddable":true,"href":"https:\/\/www.notaoficial.com\/s\/wp-json\/wp\/v2\/comments?post=26709"}],"version-history":[{"count":1,"href":"https:\/\/www.notaoficial.com\/s\/wp-json\/wp\/v2\/posts\/26709\/revisions"}],"predecessor-version":[{"id":26714,"href":"https:\/\/www.notaoficial.com\/s\/wp-json\/wp\/v2\/posts\/26709\/revisions\/26714"}],"wp:attachment":[{"href":"https:\/\/www.notaoficial.com\/s\/wp-json\/wp\/v2\/media?parent=26709"}],"wp:term":[{"taxonomy":"category","embeddable":true,"href":"https:\/\/www.notaoficial.com\/s\/wp-json\/wp\/v2\/categories?post=26709"},{"taxonomy":"post_tag","embeddable":true,"href":"https:\/\/www.notaoficial.com\/s\/wp-json\/wp\/v2\/tags?post=26709"}],"curies":[{"name":"wp","href":"https:\/\/api.w.org\/{rel}","templated":true}]}}