{"id":26758,"date":"2025-09-22T07:50:08","date_gmt":"2025-09-22T11:50:08","guid":{"rendered":"https:\/\/www.notaoficial.com\/s\/?p=26758"},"modified":"2025-09-27T08:02:32","modified_gmt":"2025-09-27T12:02:32","slug":"subway-conmemora-tres-decadas-en-colombia-con-ofertas-exclusivas-de-aniversario","status":"publish","type":"post","link":"https:\/\/www.notaoficial.com\/s\/2025\/09\/22\/subway-conmemora-tres-decadas-en-colombia-con-ofertas-exclusivas-de-aniversario\/","title":{"rendered":"Subway Conmemora Tres D\u00e9cadas en Colombia con Ofertas Exclusivas de Aniversario"},"content":{"rendered":"<div id=\"model-response-message-contentr_e6d976c718781759\" class=\"markdown markdown-main-panel stronger enable-updated-hr-color\" dir=\"ltr\">\n<p>Por Eduardo Travieso Itriago<\/p>\n<p>Subway celebra su trig\u00e9simo aniversario operacional en <b>Colombia<\/b>. Este hito significativo, anunciado cerca del 22 de septiembre de 2025, resalta la continua innovaci\u00f3n de la marca en el sector de restaurantes de servicio r\u00e1pido (QSR).<\/p>\n<p>Desde su debut en 1995, Subway introdujo a los consumidores colombianos una opci\u00f3n gastron\u00f3mica distintiva, centrada en la personalizaci\u00f3n de s\u00e1ndwiches y la preparaci\u00f3n visible. La compa\u00f1\u00eda consolid\u00f3 un legado de sabor al permitir a los clientes armar sus propias comidas.<\/p>\n<p>Hoy, Subway mantiene este enfoque personalizado mientras ofrece opciones curadas por chefs a trav\u00e9s de la <b>Subway Series<\/b>. La marca sigue comprometida con la variedad, ofreciendo pan reci\u00e9n horneado, prote\u00ednas de calidad, quesos, vegetales frescos y salsas distintivas. La accesibilidad y la conveniencia del consumidor son prioridades clave, reflejadas en la constante mejora de las plataformas digitales, incluida la aplicaci\u00f3n oficial de Subway, para garantizar una experiencia de pedido sencilla.<\/p>\n<p>Para conmemorar el aniversario, Subway present\u00f3 dos ofertas especiales por tiempo limitado:<\/p>\n<ol>\n<li><b>Dos Subs de 15 cm:<\/b> Con un precio de $27.900 COP, los clientes pueden elegir entre las recetas Italiano B.M.T., At\u00fan o Pollo. (V\u00e1lido hasta el 30 de septiembre de 2025).<\/li>\n<li><b>D\u00fao Footlong:<\/b> Incluye un Sub Footlong de 30 cm (At\u00fan, Italian\u00edssimo o Pavo y Jam\u00f3n) y una bebida de 473 ml por $29.900 COP. (V\u00e1lido del 1 de octubre de 2025 al 18 de noviembre de 2025).<\/li>\n<\/ol>\n<p>Alejandro Henao, Director General de Subway para Colombia, coment\u00f3 sobre la ocasi\u00f3n, se\u00f1alando que este logro es un tributo tanto a los clientes como a los franquiciados. Afirm\u00f3 el compromiso continuo de la marca con la calidad y su impacto positivo en la econom\u00eda nacional a trav\u00e9s de su red de franquiciados.<\/p>\n<p>Las ofertas especiales est\u00e1n disponibles en los restaurantes Subway participantes en todo el pa\u00eds, a trav\u00e9s de la Subway App y en <a class=\"ng-star-inserted\" href=\"https:\/\/subway.com\/ordena\" target=\"_blank\" rel=\"noopener\" data-hveid=\"0\" data-ved=\"0CAAQ_4QMahgKEwjv8dyN8PiPAxUAAAAAHQAAAAAQtgE\">subway.com\/ordena<\/a>. Aplican t\u00e9rminos y condiciones.<\/p>\n<\/div>\n<div class=\"response-footer gap complete\">Por Eduardo Travieso Itriago<\/div>\n","protected":false},"excerpt":{"rendered":"<p>Por Eduardo Travieso Itriago Subway celebra su trig\u00e9simo aniversario operacional en Colombia. Este hito significativo, anunciado cerca del 22 de septiembre de 2025, resalta la continua innovaci\u00f3n de la marca en el sector de restaurantes de servicio r\u00e1pido (QSR). Desde su debut en 1995, Subway introdujo a los consumidores colombianos una opci\u00f3n gastron\u00f3mica distintiva, centrada [&hellip;]<\/p>\n","protected":false},"author":2,"featured_media":26761,"comment_status":"closed","ping_status":"open","sticky":false,"template":"","format":"standard","meta":[],"categories":[93,146,2],"tags":[9782,10632,10529,15],"wppr_data":{"cwp_meta_box_check":"No"},"_links":{"self":[{"href":"https:\/\/www.notaoficial.com\/s\/wp-json\/wp\/v2\/posts\/26758"}],"collection":[{"href":"https:\/\/www.notaoficial.com\/s\/wp-json\/wp\/v2\/posts"}],"about":[{"href":"https:\/\/www.notaoficial.com\/s\/wp-json\/wp\/v2\/types\/post"}],"author":[{"embeddable":true,"href":"https:\/\/www.notaoficial.com\/s\/wp-json\/wp\/v2\/users\/2"}],"replies":[{"embeddable":true,"href":"https:\/\/www.notaoficial.com\/s\/wp-json\/wp\/v2\/comments?post=26758"}],"version-history":[{"count":1,"href":"https:\/\/www.notaoficial.com\/s\/wp-json\/wp\/v2\/posts\/26758\/revisions"}],"predecessor-version":[{"id":26764,"href":"https:\/\/www.notaoficial.com\/s\/wp-json\/wp\/v2\/posts\/26758\/revisions\/26764"}],"wp:featuredmedia":[{"embeddable":true,"href":"https:\/\/www.notaoficial.com\/s\/wp-json\/wp\/v2\/media\/26761"}],"wp:attachment":[{"href":"https:\/\/www.notaoficial.com\/s\/wp-json\/wp\/v2\/media?parent=26758"}],"wp:term":[{"taxonomy":"category","embeddable":true,"href":"https:\/\/www.notaoficial.com\/s\/wp-json\/wp\/v2\/categories?post=26758"},{"taxonomy":"post_tag","embeddable":true,"href":"https:\/\/www.notaoficial.com\/s\/wp-json\/wp\/v2\/tags?post=26758"}],"curies":[{"name":"wp","href":"https:\/\/api.w.org\/{rel}","templated":true}]}}