{"id":26767,"date":"2025-09-23T08:06:52","date_gmt":"2025-09-23T12:06:52","guid":{"rendered":"https:\/\/www.notaoficial.com\/s\/?p=26767"},"modified":"2025-09-27T08:09:40","modified_gmt":"2025-09-27T12:09:40","slug":"la-mitad-de-los-jovenes-espanoles-dependen-de-la-familia-para-la-vivienda-estudio-ikea","status":"publish","type":"post","link":"https:\/\/www.notaoficial.com\/s\/2025\/09\/23\/la-mitad-de-los-jovenes-espanoles-dependen-de-la-familia-para-la-vivienda-estudio-ikea\/","title":{"rendered":"La Mitad de los J\u00f3venes Espa\u00f1oles Dependen de la Familia para la Vivienda: Estudio IKEA"},"content":{"rendered":"<p>Con la vivienda como <strong>una de las principales preocupaciones para los j\u00f3venes espa\u00f1oles<\/strong>, seg\u00fan datos del CIS de enero de este a\u00f1o, IKEA ha querido profundizar y conocer m\u00e1s de cerca la problem\u00e1tica del acceso a la vivienda para este segmento de la poblaci\u00f3n. Para ello, ha impulsado, <strong>junto con el instituto de investigaci\u00f3n Ipsos y con la colaboraci\u00f3n de Talento para el Futuro, el estudio \u201cJ\u00f3venes, vivienda y futuro\u201d, <\/strong>para el que se han realizado 2.000 encuestas, cuyos resultados <strong>se han presentado hoy en el Colegio Oficial de Arquitectos de Madrid. \u00a0<\/strong><\/p>\n<p>En concreto, el estudio aborda la visi\u00f3n y la realidad con respecto a vivienda de dos generaciones de j\u00f3venes diferenciadas: la <strong>\u201cgeneraci\u00f3n en transici\u00f3n\u201d<\/strong>, formada por los j\u00f3venes entre <strong>18 a 24 a\u00f1os,<\/strong> con una independencia en pausa por los estudios y con una juventud prolongada en el hogar familiar, y la <strong>\u201cgeneraci\u00f3n en espera\u201d<\/strong> formada por los j\u00f3venes con edades comprendidas entre los <strong>25 a 34 a\u00f1os<\/strong>, ya formados, que se enfrentan a un mercado inmobiliario complejo. Y conscientes de que el tema de la vivienda ya ha sido ampliamente estudiado, lo hace con el objetivo de explorar nuevas perspectivas: c<strong>omo las barreras para afrontar proyectos vitales, el impacto en la salud mental o los nuevos modelos de vivienda.\u00a0<\/strong><\/p>\n<p>Como ha valorado <strong>Marina Nieto, Insights Leader de IKEA en Espa\u00f1a<\/strong>: <em>\u201cSabemos que el hogar es donde sucede -casi- todo, pero para demasiados j\u00f3venes es verdaderamente complicado construir uno propio. Los datos que repasamos hoy lo demuestran. Y quienes lo consiguen, lo hacen dependiendo en gran medida del apoyo familiar para cubrir gastos, lo que tambi\u00e9n genera una desigualdad dentro de los propios j\u00f3venes. Adem\u00e1s, es un problema que trasciende lo econ\u00f3mico y les impacta negativamente en lo emocional. Con este estudio queremos dar voz a sus experiencias, poner datos y emociones sobre la mesa, y abrir un espacio de reflexi\u00f3n y acci\u00f3n que nos acerque a soluciones reales\u201d.<\/em><\/p>\n<p>As\u00ed, casi <strong>6 de cada 10 de estos j\u00f3venes espa\u00f1oles identifican los precios excesivamente altos<\/strong>, tanto en venta como en alquiler, <strong>como el principal obst\u00e1culo <\/strong>para acceder a la vivienda, junto con otros como la precariedad laboral, los <strong>requisitos excesivos para alquilar o comprar, o la especulaci\u00f3n inmobiliaria.<\/strong> De hecho, <strong>el 52% de quienes viven de alquiler o pagan hipoteca afirman destinar entre un 30% y un 50% de sus ingresos a estos gastos.<\/strong><\/p>\n<p>Para compensar esta situaci\u00f3n, m<strong>\u00e1s de la mitad de los j\u00f3venes (51%) recibe ayuda familiar <\/strong>para sus gastos de vivienda, ya sea de forma regular u ocasional, convirti\u00e9ndose el \u201ccolch\u00f3n familiar\u201d en un amparo que palia las deficiencias del mercado de vivienda y la precariedad laboral, generando una p<strong>rofunda brecha de desigualdad entre los propios j\u00f3venes, <\/strong>separando a quienes tienen este respaldo de quienes se enfrentan al sistema sin red de seguridad.<\/p>\n<p>Como resultado, la dificultad para acceder a una vivienda fuerza a la poblaci\u00f3n joven a aparcar sus planes de futuro. <strong>La consecuencia m\u00e1s extendida es la imposibilidad de ahorrar para el futur<\/strong>o. Adem\u00e1s, <strong>uno de cada cuatro retrasa su emancipaci\u00f3n de la casa familiar,<\/strong> el 20% limita su desarrollo personal a trav\u00e9s de sus aficiones o invertir en ocio y el <strong>19% aplaza la decisi\u00f3n de tener hijos.<\/strong><\/p>\n<p><strong>Las mujeres sufren m\u00e1s intensamente la brecha salarial y el coste de vivienda,<\/strong> lo que retrasa a\u00fan m\u00e1s sus proyectos vitales: un 63% de ellas se\u00f1ala los precios como principal barrera para independizarse (vs. 52% de los hombres), y un 46% ha tenido que aplazar ahorrar para el futuro (vs. 41% de los hombres).<\/p>\n<p>Con respecto a quienes identifican como <strong>principales responsables de garantizar viviendas accesibles, un 55% mencionan al estado y un 32% a la colaboraci\u00f3n entre empresas privadas y administraciones p\u00fablicas.<\/strong> Sin embargo, casi <strong>9 de cada 10 j\u00f3venes sienten que las medidas tomadas por las administraciones son m\u00ednimas,<\/strong> percepci\u00f3n que se intensifica en el grupo de j\u00f3venes 25 a 34 a\u00f1os.<\/p>\n<p><strong>Elsa Arn\u00e1iz, directora general y presidenta de Talento para el Futuro<\/strong>, se\u00f1ala por su parte que <em>\u201cLa vivienda es la gran fractura de nuestra generaci\u00f3n: condiciona oportunidades, retrasa proyectos vitales y erosiona la confianza en el futuro. Desde Talento para el Futuro defendemos que garantizar un hogar digno es imprescindible para la salud mental, la cohesi\u00f3n social, y sobre todo, para fortalecer los pilares de nuestra democracia\u201d.<\/em><\/p>\n<p>Seg\u00fan valora <strong>Marina Navarro, Senior Client Officer de Ipsos<\/strong>: <em>\u201cEl acceso a una vivienda adecuada es un obst\u00e1culo creciente para los j\u00f3venes espa\u00f1oles, que ven sus aspiraciones relegadas y su bienestar emocional afectado. Es urgente innovar en pol\u00edticas habitacionales asequibles mediante la colaboraci\u00f3n entre sectores p\u00fablico y privado, clave para garantizar un futuro sostenible para las futuras generaciones\u201d.<\/em><\/p>\n<p>Todo este contexto tiene un importante impacto emocional en muchos de ellos: <strong>6 de cada 10 j\u00f3venes en nuestro pa\u00eds afirma que su situaci\u00f3n respecto a la vivienda afecta a su bienestar emocional<\/strong>, gener\u00e1ndoles estr\u00e9s (43%), ansiedad (35%) y frustraci\u00f3n (30%). Esta carga es m\u00e1s pesada para las mujeres que para los hombres, y para los j\u00f3venes de 25 a 34 a\u00f1os.<\/p>\n<p>En este sentido, <strong>el impacto de una vivienda adecuada transciende lo material<\/strong>, siendo para<strong> el 44% un motivo para mayor tranquilidad mental <\/strong>y, para el <strong>43%, una herramienta de planificaci\u00f3n para su futuro.\u00a0<\/strong><\/p>\n<p>Ante un contexto altamente retador en lo que respecta la vivienda, <strong>la juventud espa\u00f1ola muestra una clara voluntad de explorar nuevas v\u00edas, con un 73% de j\u00f3venes dispuestos a considerarlas<\/strong>. Se refieren especialmente a la <strong>rehabilitaci\u00f3n de edificios vac\u00edos <\/strong>(41%), las <strong>viviendas modulares<\/strong> (33%) <strong>o flexibles <\/strong>(33%) y <strong>al alquiler social o con criterios de justicia social<\/strong> (32%). Al mismo tiempo, otras medidas como <strong>ayudas directas o avales para j\u00f3venes<\/strong> (30%), o la regulaci\u00f3n de los precios del alquiler en zonas tensionadas (30%), se posicionan entre las principales soluciones o prioridades de cara a la situaci\u00f3n actual.<\/p>\n<p><strong>El hogar so\u00f1ado y el espacio de bienestar<\/strong><\/p>\n<p>Con respecto al hogar que anhelan, <strong>la demanda de los j\u00f3venes se centra en lo fundamental: un precio asequible<\/strong>. Los j\u00f3venes parecen conformarse con aquello a lo que creen que puede aspirar: una soluci\u00f3n habitacional segura y funcional, pero, por encima de todo, que puedan pagar.<\/p>\n<p>Con respecto al espacio que consideran m\u00e1s importante para su bienestar personal en su hogar, <strong>el dormitorio se posiciona como el primero de forma global<\/strong>, especialmente para el grupo de 18 a 24 a\u00f1os. En el tramo de 25 a 34 a\u00f1os la importancia del dormitorio cae y <strong>emerge con fuerza el sal\u00f3n.<\/strong><\/p>\n<p><strong>Y es que los j\u00f3venes pasan de necesitar un cuarto propio a un hogar propio<\/strong>.<\/p>\n","protected":false},"excerpt":{"rendered":"<p>Con la vivienda como una de las principales preocupaciones para los j\u00f3venes espa\u00f1oles, seg\u00fan datos del CIS de enero de este a\u00f1o, IKEA ha querido profundizar y conocer m\u00e1s de cerca la problem\u00e1tica del acceso a la vivienda para este segmento de la poblaci\u00f3n. Para ello, ha impulsado, junto con el instituto de investigaci\u00f3n Ipsos [&hellip;]<\/p>\n","protected":false},"author":2,"featured_media":26770,"comment_status":"closed","ping_status":"open","sticky":false,"template":"","format":"standard","meta":[],"categories":[93,146,2],"tags":[9782,10632,10529,15],"wppr_data":{"cwp_meta_box_check":"No"},"_links":{"self":[{"href":"https:\/\/www.notaoficial.com\/s\/wp-json\/wp\/v2\/posts\/26767"}],"collection":[{"href":"https:\/\/www.notaoficial.com\/s\/wp-json\/wp\/v2\/posts"}],"about":[{"href":"https:\/\/www.notaoficial.com\/s\/wp-json\/wp\/v2\/types\/post"}],"author":[{"embeddable":true,"href":"https:\/\/www.notaoficial.com\/s\/wp-json\/wp\/v2\/users\/2"}],"replies":[{"embeddable":true,"href":"https:\/\/www.notaoficial.com\/s\/wp-json\/wp\/v2\/comments?post=26767"}],"version-history":[{"count":1,"href":"https:\/\/www.notaoficial.com\/s\/wp-json\/wp\/v2\/posts\/26767\/revisions"}],"predecessor-version":[{"id":26771,"href":"https:\/\/www.notaoficial.com\/s\/wp-json\/wp\/v2\/posts\/26767\/revisions\/26771"}],"wp:featuredmedia":[{"embeddable":true,"href":"https:\/\/www.notaoficial.com\/s\/wp-json\/wp\/v2\/media\/26770"}],"wp:attachment":[{"href":"https:\/\/www.notaoficial.com\/s\/wp-json\/wp\/v2\/media?parent=26767"}],"wp:term":[{"taxonomy":"category","embeddable":true,"href":"https:\/\/www.notaoficial.com\/s\/wp-json\/wp\/v2\/categories?post=26767"},{"taxonomy":"post_tag","embeddable":true,"href":"https:\/\/www.notaoficial.com\/s\/wp-json\/wp\/v2\/tags?post=26767"}],"curies":[{"name":"wp","href":"https:\/\/api.w.org\/{rel}","templated":true}]}}