{"id":26768,"date":"2025-09-23T08:06:54","date_gmt":"2025-09-23T12:06:54","guid":{"rendered":"https:\/\/www.notaoficial.com\/s\/?p=26768"},"modified":"2025-09-27T08:13:25","modified_gmt":"2025-09-27T12:13:25","slug":"kuroba-motor-inaugura-el-mayor-concesionario-mazda-en-leganes","status":"publish","type":"post","link":"https:\/\/www.notaoficial.com\/s\/2025\/09\/23\/kuroba-motor-inaugura-el-mayor-concesionario-mazda-en-leganes\/","title":{"rendered":"Kuroba Motor Inaugura el Mayor Concesionario Mazda en Legan\u00e9s"},"content":{"rendered":"<p><b>Por Eduardo Travieso Itriago<\/b><\/p>\n<p><b>Mazda<\/b> ha anunciado la apertura del nuevo concesionario <b>Kuroba Motor<\/b> en Legan\u00e9s, Madrid. La nueva ubicaci\u00f3n, situada en C\/Bastidor, 6, reemplaza a la instalaci\u00f3n anterior y se posiciona como uno de los centros de la marca nipona m\u00e1s grandes de <b>Espa\u00f1a<\/b> y Europa.<\/p>\n<p>Esta apertura consolida la presencia del grupo en la Comunidad de Madrid, sum\u00e1ndose a sus centros operativos en Alcorc\u00f3n y Majadahonda. La expansi\u00f3n subraya el compromiso de Kuroba Motor con la excelencia, la accesibilidad y la innovaci\u00f3n en la experiencia del cliente Mazda.<\/p>\n<h3>Caracter\u00edsticas de la Nueva Instalaci\u00f3n<\/h3>\n<p>El nuevo centro ofrece importantes novedades y una infraestructura avanzada:<\/p>\n<ul>\n<li><b>Exposici\u00f3n de Veh\u00edculos:<\/b> <b>826 m\u00b2<\/b> de espacio moderno y luminoso para la exhibici\u00f3n de la gama Mazda, dise\u00f1ado para una experiencia de venta exclusiva.<\/li>\n<li><b>Servicio Postventa:<\/b> Un \u00e1rea de <b>1.071 m\u00b2<\/b> con zona de recepci\u00f3n climatizada y personal cualificado, formado bajo los est\u00e1ndares de calidad de Mazda.<\/li>\n<li><b>Entrega Exclusiva:<\/b> Puntos dedicados a la entrega de veh\u00edculos nuevos, asegurando una experiencia memorable y personalizada para el cliente.<\/li>\n<li><b>Veh\u00edculos de Ocasi\u00f3n:<\/b> Zona especializada para la exposici\u00f3n y valoraci\u00f3n de modelos de segunda mano.<\/li>\n<li><b>Carrocer\u00eda Avanzada:<\/b> Uno de los centros de carrocer\u00eda m\u00e1s avanzados del pa\u00eds, equipado con tecnolog\u00eda de \u00faltima generaci\u00f3n para reparaciones estructurales y tratamientos de pintura. El espacio tambi\u00e9n facilita la elaboraci\u00f3n eficiente de informes periciales.<\/li>\n<\/ul>\n<p><b>Ignacio Beamud<\/b>, presidente y CEO de Mazda Autom\u00f3viles Espa\u00f1a, destac\u00f3 que el centro de Legan\u00e9s es un <b>\u00abhito en la red de concesionarios de Mazda en Espa\u00f1a\u00bb<\/b> que refleja el compromiso con la calidad y la cercan\u00eda al cliente. Por su parte, <b>H\u00e9ctor Igelmo<\/b>, CEO de Kuroba Motor, se\u00f1al\u00f3 que la instalaci\u00f3n es resultado de un trabajo de a\u00f1os y una <b>\u00abapuesta firme por la calidad, la tecnolog\u00eda y el servicio personalizado\u00bb<\/b>.<\/p>\n<p>Mazda mantiene su trayectoria de expansi\u00f3n en Espa\u00f1a, operando m\u00e1s de 25 a\u00f1os con una red de 64 concesionarios.<\/p>\n<p><b>Ubicaci\u00f3n:<\/b> Kuroba Motor, C\/ Bastidor, 6 (Ciudad del Autom\u00f3vil), 28914 Legan\u00e9s.<\/p>\n<p>Por Eduardo Travieso Itriago<\/p>\n","protected":false},"excerpt":{"rendered":"<p>Por Eduardo Travieso Itriago Mazda ha anunciado la apertura del nuevo concesionario Kuroba Motor en Legan\u00e9s, Madrid. La nueva ubicaci\u00f3n, situada en C\/Bastidor, 6, reemplaza a la instalaci\u00f3n anterior y se posiciona como uno de los centros de la marca nipona m\u00e1s grandes de Espa\u00f1a y Europa. Esta apertura consolida la presencia del grupo en [&hellip;]<\/p>\n","protected":false},"author":2,"featured_media":26773,"comment_status":"closed","ping_status":"open","sticky":false,"template":"","format":"standard","meta":[],"categories":[93,146,2],"tags":[9782,10632,10529,15],"wppr_data":{"cwp_meta_box_check":"No"},"_links":{"self":[{"href":"https:\/\/www.notaoficial.com\/s\/wp-json\/wp\/v2\/posts\/26768"}],"collection":[{"href":"https:\/\/www.notaoficial.com\/s\/wp-json\/wp\/v2\/posts"}],"about":[{"href":"https:\/\/www.notaoficial.com\/s\/wp-json\/wp\/v2\/types\/post"}],"author":[{"embeddable":true,"href":"https:\/\/www.notaoficial.com\/s\/wp-json\/wp\/v2\/users\/2"}],"replies":[{"embeddable":true,"href":"https:\/\/www.notaoficial.com\/s\/wp-json\/wp\/v2\/comments?post=26768"}],"version-history":[{"count":1,"href":"https:\/\/www.notaoficial.com\/s\/wp-json\/wp\/v2\/posts\/26768\/revisions"}],"predecessor-version":[{"id":26774,"href":"https:\/\/www.notaoficial.com\/s\/wp-json\/wp\/v2\/posts\/26768\/revisions\/26774"}],"wp:featuredmedia":[{"embeddable":true,"href":"https:\/\/www.notaoficial.com\/s\/wp-json\/wp\/v2\/media\/26773"}],"wp:attachment":[{"href":"https:\/\/www.notaoficial.com\/s\/wp-json\/wp\/v2\/media?parent=26768"}],"wp:term":[{"taxonomy":"category","embeddable":true,"href":"https:\/\/www.notaoficial.com\/s\/wp-json\/wp\/v2\/categories?post=26768"},{"taxonomy":"post_tag","embeddable":true,"href":"https:\/\/www.notaoficial.com\/s\/wp-json\/wp\/v2\/tags?post=26768"}],"curies":[{"name":"wp","href":"https:\/\/api.w.org\/{rel}","templated":true}]}}