{"id":27000,"date":"2025-10-16T09:17:39","date_gmt":"2025-10-16T13:17:39","guid":{"rendered":"https:\/\/www.notaoficial.com\/s\/?p=27000"},"modified":"2025-10-21T09:39:15","modified_gmt":"2025-10-21T13:39:15","slug":"pepsico-mexico-impulsa-la-autonomia-economica-de-mujeres-indigenas","status":"publish","type":"post","link":"https:\/\/www.notaoficial.com\/s\/2025\/10\/16\/pepsico-mexico-impulsa-la-autonomia-economica-de-mujeres-indigenas\/","title":{"rendered":"PepsiCo M\u00e9xico Impulsa la Autonom\u00eda Econ\u00f3mica de Mujeres Ind\u00edgenas"},"content":{"rendered":"<p>Por Eduardo Travieso Itriago<\/p>\n<p>PepsiCo M\u00e9xico, a trav\u00e9s de su fundaci\u00f3n, conmemor\u00f3 el D\u00eda Internacional de la Mujer Ind\u00edgena resaltando el liderazgo y el esfuerzo de estas mujeres como <b>agentes de cambio<\/b> y motores de desarrollo dentro de sus comunidades. La compa\u00f1\u00eda se enfoca en impulsar su crecimiento econ\u00f3mico y bienestar.<\/p>\n<h3>El Programa y su Misi\u00f3n de Autonom\u00eda<\/h3>\n<p>La iniciativa central de este reconocimiento es el programa <b>Redes Solidarias<\/b>, gestionado por <b>Fundaci\u00f3n PepsiCo M\u00e9xico<\/b>. El objetivo del programa es triple:<\/p>\n<ol>\n<li>Impulsar la <b>seguridad alimentaria<\/b>.<\/li>\n<li>Fomentar el <b>crecimiento econ\u00f3mico<\/b>.<\/li>\n<li>Fortalecer la <b>autonom\u00eda econ\u00f3mica<\/b> de las mujeres ind\u00edgenas al facilitarles mejores oportunidades y acceso a capital.<\/li>\n<\/ol>\n<p>Este enfoque busca transformar realidades al garantizar que las mujeres puedan gestionar y hacer crecer sus propios negocios.<\/p>\n<h3>Impacto Cuantificable y Logros en Tabasco<\/h3>\n<p>Redes Solidarias ha concentrado sus esfuerzos entre 2023 y 2025 en las mujeres ind\u00edgenas <b>Yokot&#8217;an<\/b> en el estado de <b>Tabasco<\/b>. El apoyo no solo ha incluido la entrega de <b>capital semilla<\/b>, sino tambi\u00e9n el <b>fortalecimiento de capacidades<\/b> productivas y empresariales esenciales para la sostenibilidad a largo plazo.<\/p>\n<p>Los resultados demuestran el \u00e9xito del modelo:<\/p>\n<ul>\n<li><b>Alcance:<\/b> 300 mujeres ind\u00edgenas Yokot&#8217;an han sido impulsadas.<\/li>\n<li><b>Emprendimientos:<\/b> Se han hecho sostenibles <b>31 emprendimientos<\/b> que operan como negocios estables.<\/li>\n<li><b>Crecimiento Econ\u00f3mico:<\/b> Las participantes han alcanzado un <b>incremento promedio del 48% en sus ingresos familiares<\/b>.<\/li>\n<\/ul>\n<p>Este aumento de ingresos impacta directamente la calidad de vida, favoreciendo la alimentaci\u00f3n, la educaci\u00f3n y la movilidad social de sus familias.<\/p>\n<p>Isa\u00edas Mart\u00ednez, Presidente de PepsiCo Alimentos M\u00e9xico y de Fundaci\u00f3n PepsiCo M\u00e9xico, destac\u00f3 que en la Fundaci\u00f3n son \u00abtestigo de su capacidad para generar cambios positivos desde su actividad econ\u00f3mica\u00bb, calificando el logro como \u00abpoderoso e inspirador\u00bb. La iniciativa reafirma el compromiso de PepsiCo con la inclusi\u00f3n, la equidad y el desarrollo profesional de las nuevas generaciones.<\/p>\n<p>Por Eduardo Travieso Itriago<\/p>\n","protected":false},"excerpt":{"rendered":"<p>Por Eduardo Travieso Itriago PepsiCo M\u00e9xico, a trav\u00e9s de su fundaci\u00f3n, conmemor\u00f3 el D\u00eda Internacional de la Mujer Ind\u00edgena resaltando el liderazgo y el esfuerzo de estas mujeres como agentes de cambio y motores de desarrollo dentro de sus comunidades. La compa\u00f1\u00eda se enfoca en impulsar su crecimiento econ\u00f3mico y bienestar. El Programa y su [&hellip;]<\/p>\n","protected":false},"author":2,"featured_media":27007,"comment_status":"closed","ping_status":"open","sticky":false,"template":"","format":"standard","meta":[],"categories":[93,146,2],"tags":[10603,9782,10632,15],"wppr_data":{"cwp_meta_box_check":"No"},"_links":{"self":[{"href":"https:\/\/www.notaoficial.com\/s\/wp-json\/wp\/v2\/posts\/27000"}],"collection":[{"href":"https:\/\/www.notaoficial.com\/s\/wp-json\/wp\/v2\/posts"}],"about":[{"href":"https:\/\/www.notaoficial.com\/s\/wp-json\/wp\/v2\/types\/post"}],"author":[{"embeddable":true,"href":"https:\/\/www.notaoficial.com\/s\/wp-json\/wp\/v2\/users\/2"}],"replies":[{"embeddable":true,"href":"https:\/\/www.notaoficial.com\/s\/wp-json\/wp\/v2\/comments?post=27000"}],"version-history":[{"count":1,"href":"https:\/\/www.notaoficial.com\/s\/wp-json\/wp\/v2\/posts\/27000\/revisions"}],"predecessor-version":[{"id":27008,"href":"https:\/\/www.notaoficial.com\/s\/wp-json\/wp\/v2\/posts\/27000\/revisions\/27008"}],"wp:featuredmedia":[{"embeddable":true,"href":"https:\/\/www.notaoficial.com\/s\/wp-json\/wp\/v2\/media\/27007"}],"wp:attachment":[{"href":"https:\/\/www.notaoficial.com\/s\/wp-json\/wp\/v2\/media?parent=27000"}],"wp:term":[{"taxonomy":"category","embeddable":true,"href":"https:\/\/www.notaoficial.com\/s\/wp-json\/wp\/v2\/categories?post=27000"},{"taxonomy":"post_tag","embeddable":true,"href":"https:\/\/www.notaoficial.com\/s\/wp-json\/wp\/v2\/tags?post=27000"}],"curies":[{"name":"wp","href":"https:\/\/api.w.org\/{rel}","templated":true}]}}