{"id":27009,"date":"2025-10-17T09:43:35","date_gmt":"2025-10-17T13:43:35","guid":{"rendered":"https:\/\/www.notaoficial.com\/s\/?p=27009"},"modified":"2025-10-21T09:45:50","modified_gmt":"2025-10-21T13:45:50","slug":"grupo-bimbo-concluye-la-decima-edicion-de-la-bimbo-global-race-con-record-de-participacion-y-donativos","status":"publish","type":"post","link":"https:\/\/www.notaoficial.com\/s\/2025\/10\/17\/grupo-bimbo-concluye-la-decima-edicion-de-la-bimbo-global-race-con-record-de-participacion-y-donativos\/","title":{"rendered":"Grupo Bimbo Concluye la D\u00e9cima Edici\u00f3n de la Bimbo Global Race con R\u00e9cord de Participaci\u00f3n y Donativos"},"content":{"rendered":"<p>Grupo Bimbo, la panificadora l\u00edder global, celebr\u00f3 con \u00e9xito la <b>d\u00e9cima edici\u00f3n<\/b> de su carrera con causa, la <b>Bimbo Global Race<\/b>, consolid\u00e1ndola como la m\u00e1s grande del planeta.<\/p>\n<h3>Participaci\u00f3n y Alcance Global<\/h3>\n<ul>\n<li><b>Participantes:<\/b> La edici\u00f3n de 2025 reuni\u00f3 a <b>m\u00e1s de 165 mil personas<\/b> a nivel mundial.<\/li>\n<li><b>Alcance Geogr\u00e1fico:<\/b> El evento se llev\u00f3 a cabo en <b>28 ciudades de 22 pa\u00edses<\/b>, con la Ciudad de M\u00e9xico elegida como sede principal para conmemorar el d\u00e9cimo aniversario.<\/li>\n<li><b>Pa\u00edses Destacados:<\/b> M\u00e9xico lider\u00f3 la participaci\u00f3n con m\u00e1s de 43 mil corredores, seguido por Espa\u00f1a (m\u00e1s de 16 mil) y Brasil (m\u00e1s de 15 mil).<\/li>\n<\/ul>\n<h3>Objetivo Social e Impacto Hist\u00f3rico<\/h3>\n<p>El evento se realiza bajo el lema \u00abCompartimos lo bueno\u00bb, promoviendo el bienestar colectivo mediante la actividad f\u00edsica y la ayuda social.<\/p>\n<p><b>Donaci\u00f3n por Edici\u00f3n:<\/b> Gracias a la participaci\u00f3n en esta d\u00e9cima edici\u00f3n, Grupo Bimbo donar\u00e1 <b>m\u00e1s de 3 millones de rebanadas de pan<\/b> a diversos bancos de alimentos para apoyar a quienes m\u00e1s lo necesitan.<\/p>\n<p><b>Impacto Hist\u00f3rico Total:<\/b> A lo largo de sus diez ediciones, la Bimbo Global Race ha sumado m\u00e1s de 1.7 millones de participantes en todo el mundo y ha logrado la donaci\u00f3n de <b>m\u00e1s de 29 millones de rebanadas de pan<\/b>.<\/p>\n<p>Alberto Levy, Director Global de Marketing de Grupo Bimbo, enfatiz\u00f3 que la carrera conecta el prop\u00f3sito de la marca con los consumidores, poniendo a las personas y sus comunidades en el centro de la acci\u00f3n solidaria.<\/p>\n","protected":false},"excerpt":{"rendered":"<p>Grupo Bimbo, la panificadora l\u00edder global, celebr\u00f3 con \u00e9xito la d\u00e9cima edici\u00f3n de su carrera con causa, la Bimbo Global Race, consolid\u00e1ndola como la m\u00e1s grande del planeta. Participaci\u00f3n y Alcance Global Participantes: La edici\u00f3n de 2025 reuni\u00f3 a m\u00e1s de 165 mil personas a nivel mundial. Alcance Geogr\u00e1fico: El evento se llev\u00f3 a cabo [&hellip;]<\/p>\n","protected":false},"author":2,"featured_media":27013,"comment_status":"closed","ping_status":"open","sticky":false,"template":"","format":"standard","meta":[],"categories":[93,146,2],"tags":[9782,10632,15],"wppr_data":{"cwp_meta_box_check":"No"},"_links":{"self":[{"href":"https:\/\/www.notaoficial.com\/s\/wp-json\/wp\/v2\/posts\/27009"}],"collection":[{"href":"https:\/\/www.notaoficial.com\/s\/wp-json\/wp\/v2\/posts"}],"about":[{"href":"https:\/\/www.notaoficial.com\/s\/wp-json\/wp\/v2\/types\/post"}],"author":[{"embeddable":true,"href":"https:\/\/www.notaoficial.com\/s\/wp-json\/wp\/v2\/users\/2"}],"replies":[{"embeddable":true,"href":"https:\/\/www.notaoficial.com\/s\/wp-json\/wp\/v2\/comments?post=27009"}],"version-history":[{"count":1,"href":"https:\/\/www.notaoficial.com\/s\/wp-json\/wp\/v2\/posts\/27009\/revisions"}],"predecessor-version":[{"id":27014,"href":"https:\/\/www.notaoficial.com\/s\/wp-json\/wp\/v2\/posts\/27009\/revisions\/27014"}],"wp:featuredmedia":[{"embeddable":true,"href":"https:\/\/www.notaoficial.com\/s\/wp-json\/wp\/v2\/media\/27013"}],"wp:attachment":[{"href":"https:\/\/www.notaoficial.com\/s\/wp-json\/wp\/v2\/media?parent=27009"}],"wp:term":[{"taxonomy":"category","embeddable":true,"href":"https:\/\/www.notaoficial.com\/s\/wp-json\/wp\/v2\/categories?post=27009"},{"taxonomy":"post_tag","embeddable":true,"href":"https:\/\/www.notaoficial.com\/s\/wp-json\/wp\/v2\/tags?post=27009"}],"curies":[{"name":"wp","href":"https:\/\/api.w.org\/{rel}","templated":true}]}}