{"id":27050,"date":"2025-10-21T06:54:28","date_gmt":"2025-10-21T10:54:28","guid":{"rendered":"https:\/\/www.notaoficial.com\/s\/?p=27050"},"modified":"2025-10-23T06:55:50","modified_gmt":"2025-10-23T10:55:50","slug":"renovacion-total-renault-kwid-e-tech-evoluciona-con-tecnologia-avanzada-y-seguridad-record-en-su-segmento","status":"publish","type":"post","link":"https:\/\/www.notaoficial.com\/s\/2025\/10\/21\/renovacion-total-renault-kwid-e-tech-evoluciona-con-tecnologia-avanzada-y-seguridad-record-en-su-segmento\/","title":{"rendered":"Renovaci\u00f3n Total: Renault Kwid E-Tech Evoluciona con Tecnolog\u00eda Avanzada y Seguridad R\u00e9cord en su Segmento"},"content":{"rendered":"<p>Renault presenta el nuevo <b>Kwid E-Tech<\/b>, un veh\u00edculo 100% el\u00e9ctrico que redefine su categor\u00eda con una evoluci\u00f3n integral enfocada en <b>dise\u00f1o moderno, tecnolog\u00eda avanzada y una seguridad superior<\/b>. Lanzado originalmente en 2023, este modelo se ha consolidado como la opci\u00f3n m\u00e1s accesible para entrar en la movilidad el\u00e9ctrica, y ahora vuelve al mercado con mejoras significativas.<\/p>\n<h3>La Evoluci\u00f3n del Kwid E-Tech<\/h3>\n<p>La actualizaci\u00f3n del veh\u00edculo se centra en tres pilares clave, disponibles en su \u00fanica versi\u00f3n, Techno:<\/p>\n<ol>\n<li><b>Dise\u00f1o Exterior e Interior Moderno:<\/b> El nuevo Kwid E-Tech luce un estilo m\u00e1s <b>robusto y audaz<\/b>. Su carrocer\u00eda fue completamente redise\u00f1ada, adoptando l\u00edneas m\u00e1s estructuradas. En el interior, el panel frontal es m\u00e1s horizontal y digital, con detalles en blanco que modernizan el ambiente.<\/li>\n<li><b>Tecnolog\u00eda Digital Avanzada:<\/b> La experiencia de conducci\u00f3n es m\u00e1s digital gracias a un <b>panel de instrumentos 100% digital y personalizable de 7 pulgadas<\/b> y un nuevo sistema multimedia de <b>10,1 pulgadas<\/b> con conectividad inal\u00e1mbrica para Apple CarPlay&#x2122; y Android Auto&#x2122;.<\/li>\n<li><b>Seguridad Superior:<\/b> La caracter\u00edstica m\u00e1s destacada es su paquete de seguridad, que lo convierte en el m\u00e1s completo de su segmento al incorporar <b>seis <i>airbags<\/i> de serie<\/b> y <b>11 Sistemas Avanzados de Asistencia a la Conducci\u00f3n (ADAS)<\/b>.<\/li>\n<\/ol>\n<h3>Tres Mejoras Clave en Seguridad (ADAS)<\/h3>\n<p>El Kwid E-Tech ofrece una seguridad in\u00e9dita en veh\u00edculos de su clase, integrando tecnolog\u00edas que act\u00faan como copilotos activos:<\/p>\n<ol>\n<li><b>Frenado Autom\u00e1tico de Emergencia (AEB):<\/b> Este sistema detecta veh\u00edculos al frente y emite alertas visuales y sonoras. Si el conductor no reacciona ante un riesgo inminente de colisi\u00f3n, el sistema aplica autom\u00e1ticamente los frenos.<\/li>\n<li><b>Alerta y Asistente de Mantenimiento de Carril (LDW y LKA):<\/b> Estos sistemas monitorean la posici\u00f3n del veh\u00edculo. Si detectan una salida involuntaria del carril, emiten una alerta y, si es necesario, act\u00faan sobre la direcci\u00f3n para mantener el veh\u00edculo centrado en su trayectoria.<\/li>\n<li><b>Reconocimiento de Se\u00f1ales de Velocidad (TSR) y Limitador de Velocidad (SL):<\/b> El sistema TSR identifica los l\u00edmites de velocidad de la v\u00eda y los muestra en el panel de instrumentos, mientras que el Limitador de Velocidad permite al conductor preestablecer una velocidad m\u00e1xima para evitar excesos.<\/li>\n<\/ol>\n<p>Adem\u00e1s, el veh\u00edculo presenta un motor de 65 caballos y una bater\u00eda de 26,8 kWh que proporciona una autonom\u00eda de hasta 298 km en ciclo urbano, ideal para la rutina diaria, con opciones de recarga r\u00e1pida que facilitan su uso.<\/p>\n","protected":false},"excerpt":{"rendered":"<p>Renault presenta el nuevo Kwid E-Tech, un veh\u00edculo 100% el\u00e9ctrico que redefine su categor\u00eda con una evoluci\u00f3n integral enfocada en dise\u00f1o moderno, tecnolog\u00eda avanzada y una seguridad superior. Lanzado originalmente en 2023, este modelo se ha consolidado como la opci\u00f3n m\u00e1s accesible para entrar en la movilidad el\u00e9ctrica, y ahora vuelve al mercado con mejoras [&hellip;]<\/p>\n","protected":false},"author":2,"featured_media":27054,"comment_status":"closed","ping_status":"open","sticky":false,"template":"","format":"standard","meta":[],"categories":[93,146,2],"tags":[9782,10632,15],"wppr_data":{"cwp_meta_box_check":"No"},"_links":{"self":[{"href":"https:\/\/www.notaoficial.com\/s\/wp-json\/wp\/v2\/posts\/27050"}],"collection":[{"href":"https:\/\/www.notaoficial.com\/s\/wp-json\/wp\/v2\/posts"}],"about":[{"href":"https:\/\/www.notaoficial.com\/s\/wp-json\/wp\/v2\/types\/post"}],"author":[{"embeddable":true,"href":"https:\/\/www.notaoficial.com\/s\/wp-json\/wp\/v2\/users\/2"}],"replies":[{"embeddable":true,"href":"https:\/\/www.notaoficial.com\/s\/wp-json\/wp\/v2\/comments?post=27050"}],"version-history":[{"count":1,"href":"https:\/\/www.notaoficial.com\/s\/wp-json\/wp\/v2\/posts\/27050\/revisions"}],"predecessor-version":[{"id":27055,"href":"https:\/\/www.notaoficial.com\/s\/wp-json\/wp\/v2\/posts\/27050\/revisions\/27055"}],"wp:featuredmedia":[{"embeddable":true,"href":"https:\/\/www.notaoficial.com\/s\/wp-json\/wp\/v2\/media\/27054"}],"wp:attachment":[{"href":"https:\/\/www.notaoficial.com\/s\/wp-json\/wp\/v2\/media?parent=27050"}],"wp:term":[{"taxonomy":"category","embeddable":true,"href":"https:\/\/www.notaoficial.com\/s\/wp-json\/wp\/v2\/categories?post=27050"},{"taxonomy":"post_tag","embeddable":true,"href":"https:\/\/www.notaoficial.com\/s\/wp-json\/wp\/v2\/tags?post=27050"}],"curies":[{"name":"wp","href":"https:\/\/api.w.org\/{rel}","templated":true}]}}