{"id":27051,"date":"2025-10-21T06:54:29","date_gmt":"2025-10-21T10:54:29","guid":{"rendered":"https:\/\/www.notaoficial.com\/s\/?p=27051"},"modified":"2025-10-23T06:57:33","modified_gmt":"2025-10-23T10:57:33","slug":"movistar-colombia-internet-de-fibra-optica-con-velocidades-extremas-de-hasta-2-000-megas-en-bogota","status":"publish","type":"post","link":"https:\/\/www.notaoficial.com\/s\/2025\/10\/21\/movistar-colombia-internet-de-fibra-optica-con-velocidades-extremas-de-hasta-2-000-megas-en-bogota\/","title":{"rendered":"Movistar Colombia: Internet de Fibra \u00d3ptica con Velocidades Extremas de hasta 2.000 Megas en Bogot\u00e1"},"content":{"rendered":"<p>Por Eduardo Travieso Itriago<\/p>\n<p><b>Movistar Colombia<\/b> ha marcado un hito en la transformaci\u00f3n digital del pa\u00eds con el lanzamiento de planes de Internet por fibra \u00f3ptica que alcanzan velocidades extremas de <b>hasta 2.000 megabits por segundo (Mbps)<\/b>. Esta oferta sit\u00faa a Bogot\u00e1, la ciudad de lanzamiento inicial, a la vanguardia de la conectividad en la regi\u00f3n.<\/p>\n<h3>Lanzamiento y Tecnolog\u00eda Clave<\/h3>\n<ul>\n<li><b>Velocidad M\u00e1xima:<\/b> La nueva propuesta de valor ofrece planes con hasta <b>2.000 Megas<\/b>, adem\u00e1s de una opci\u00f3n de 1.500 Megas.<\/li>\n<li><b>Ciudad de Lanzamiento:<\/b> La velocidad ultra-r\u00e1pida est\u00e1 disponible inicialmente en sectores clave de <b>Bogot\u00e1<\/b>, incluyendo el Centro Internacional, Parque Bavaria, ParkWay y La Macarena. Movistar proyecta expandir r\u00e1pidamente la cobertura a otras \u00e1reas.<\/li>\n<li><b>Tecnolog\u00eda Habilitadora:<\/b> Esta velocidad extrema es posible gracias al despliegue masivo y la capacidad de la red de <b>Fibra \u00d3ptica<\/b> de Movistar, una infraestructura que garantiza mayor estabilidad, menor latencia y un rendimiento superior en la transferencia de datos.<\/li>\n<\/ul>\n<h3>P\u00fablico Objetivo y Prop\u00f3sito<\/h3>\n<p>El lanzamiento de estas velocidades est\u00e1 dirigido principalmente a <b>hogares y negocios<\/b> con altas demandas de conectividad que requieren una experiencia digital sin precedentes.<\/p>\n<p>La capacidad de 2.000 Megas prepara a los clientes para el futuro de la tecnolog\u00eda, siendo ideal para:<\/p>\n<ul>\n<li><b>Entretenimiento de Alta Definici\u00f3n:<\/b> <i>Streaming<\/i> simult\u00e1neo en ultra alta definici\u00f3n (4K\/8K) y <i>gaming<\/i> en la nube sin interrupciones.<\/li>\n<li><b>Productividad y Trabajo Remoto:<\/b> Soporte robusto para videoconferencias, transferencia de archivos pesados y entornos de trabajo colaborativo que requieren m\u00e1xima velocidad de subida y bajada.<\/li>\n<li><b>Innovaci\u00f3n en el Hogar:<\/b> Habilita el uso avanzado de tecnolog\u00edas emergentes como la <b>Realidad Virtual<\/b>, la <b>Inteligencia Artificial<\/b> y la integraci\u00f3n de numerosos dispositivos inteligentes (IoT) en el hogar.<\/li>\n<\/ul>\n<p>Con este paso, Movistar reafirma su liderazgo tecnol\u00f3gico y su compromiso por consolidar la infraestructura digital de Colombia, facilitando el acceso a servicios de comunicaci\u00f3n de \u00faltima generaci\u00f3n.<\/p>\n<p>Por Eduardo Travieso Itriago<\/p>\n","protected":false},"excerpt":{"rendered":"<p>Por Eduardo Travieso Itriago Movistar Colombia ha marcado un hito en la transformaci\u00f3n digital del pa\u00eds con el lanzamiento de planes de Internet por fibra \u00f3ptica que alcanzan velocidades extremas de hasta 2.000 megabits por segundo (Mbps). Esta oferta sit\u00faa a Bogot\u00e1, la ciudad de lanzamiento inicial, a la vanguardia de la conectividad en la [&hellip;]<\/p>\n","protected":false},"author":2,"featured_media":27056,"comment_status":"closed","ping_status":"open","sticky":false,"template":"","format":"standard","meta":[],"categories":[93,146,2],"tags":[10603,9782,10632,15],"wppr_data":{"cwp_meta_box_check":"No"},"_links":{"self":[{"href":"https:\/\/www.notaoficial.com\/s\/wp-json\/wp\/v2\/posts\/27051"}],"collection":[{"href":"https:\/\/www.notaoficial.com\/s\/wp-json\/wp\/v2\/posts"}],"about":[{"href":"https:\/\/www.notaoficial.com\/s\/wp-json\/wp\/v2\/types\/post"}],"author":[{"embeddable":true,"href":"https:\/\/www.notaoficial.com\/s\/wp-json\/wp\/v2\/users\/2"}],"replies":[{"embeddable":true,"href":"https:\/\/www.notaoficial.com\/s\/wp-json\/wp\/v2\/comments?post=27051"}],"version-history":[{"count":1,"href":"https:\/\/www.notaoficial.com\/s\/wp-json\/wp\/v2\/posts\/27051\/revisions"}],"predecessor-version":[{"id":27057,"href":"https:\/\/www.notaoficial.com\/s\/wp-json\/wp\/v2\/posts\/27051\/revisions\/27057"}],"wp:featuredmedia":[{"embeddable":true,"href":"https:\/\/www.notaoficial.com\/s\/wp-json\/wp\/v2\/media\/27056"}],"wp:attachment":[{"href":"https:\/\/www.notaoficial.com\/s\/wp-json\/wp\/v2\/media?parent=27051"}],"wp:term":[{"taxonomy":"category","embeddable":true,"href":"https:\/\/www.notaoficial.com\/s\/wp-json\/wp\/v2\/categories?post=27051"},{"taxonomy":"post_tag","embeddable":true,"href":"https:\/\/www.notaoficial.com\/s\/wp-json\/wp\/v2\/tags?post=27051"}],"curies":[{"name":"wp","href":"https:\/\/api.w.org\/{rel}","templated":true}]}}