{"id":2730,"date":"2018-08-19T09:38:17","date_gmt":"2018-08-19T13:38:17","guid":{"rendered":"http:\/\/www.notaoficial.com\/s\/?p=2730"},"modified":"2018-08-18T21:41:09","modified_gmt":"2018-08-19T01:41:09","slug":"alfredo-naranjo-mis-canciones-en-el-centro-cultural-bod","status":"publish","type":"post","link":"https:\/\/www.notaoficial.com\/s\/2018\/08\/19\/alfredo-naranjo-mis-canciones-en-el-centro-cultural-bod\/","title":{"rendered":"Alfredo Naranjo: mis canciones en el Centro Cultural BOD"},"content":{"rendered":"<div>A lo largo de su carrera, <b>Alfredo Naranjo<\/b> ha destacado no solo por su enorme talento como ejecutante del vibr\u00e1fono, sino por un sonido distintivo que ha convertido en el sello de sus creaciones musicales.<\/p>\n<p>Este reconocido compositor, arreglista y vibrafonista venezolano, que desde muy joven se ha dado a conocer en la escena art\u00edstica nacional e internacional, explotar\u00e1 esa arista de su carrera en un concierto \u00edntimo que ofrecer\u00e1 el pr\u00f3ximo <b>viernes 31 de agosto<\/b>, \u00a0a las <b>07:00 p.m.<\/b>, en el <b>Centro Cultural BOD<\/b>.<\/p>\n<p>Naranjo, que de igual manera ha destacado en la salsa y el latin jazz, present\u00f3 en 2016 <i>Lado A\/Lado B<\/i>, sobresaliente producci\u00f3n discogr\u00e1fica que resume el rico universo musical de este artista, con invitados como Oscar D\u2019Le\u00f3n, Robert Vilera, Alexis C\u00e1rdenas, B.U.D.U., Nen\u00e9 Quintero, Al\u00ed Bello, Jos\u00e9 Gregorio Nieto, Mariajos\u00e9 Le\u00f3n, Olegario D\u00edaz, Adolfo Herrera, Alejandro Zavala y Mariaca Sempr\u00fan, entre otros. En abril de este a\u00f1o hizo lo propio con un disco en formato cuarteto, <i>Be Jazz Sessions<\/i>, donde acompa\u00f1ado de Nen\u00e9 Quintero, Eddy P\u00e9rez y Carlos Rodr\u00edguez interpreta piezas que se inspiran en la musicalidad, calidez y alegr\u00eda de la ciudad donde los artistas participantes en el proyecto han hecho vida y carrera.<\/p>\n<p>Ahora, este inquieto m\u00fasico quiere compartir con su p\u00fablico una propuesta donde, no solo har\u00e1 sonar temas de su autor\u00eda, sino que compartir\u00e1 an\u00e9cdotas e historias relacionadas con estas composiciones, tocando vibr\u00e1fono, piano\u2026 Y hasta cantando. A su lado, como invitado especial, uno de los referentes de la guitarra en el continente: el maestro Eddy P\u00e9rez. En el bajo estar\u00e1 Iv\u00e1n Pe\u00f1a y en las voces, Beatriz Occeas y Katherine Coll, tres j\u00f3venes que han venido despuntando en la escena m\u00fasica citadina.<\/p>\n<p>La cita est\u00e1 marcada:<b> Alfredo Naranjo: Mis canciones<\/b>, un espect\u00e1culo producido por PYDA Prod en funci\u00f3n \u00fanica, viernes 31 de agosto a las 7:00 p.m.\u00a0 Las entradas est\u00e1n a la venta en las taquillas del Centro Cultural BOD, en La Castellana, y a trav\u00e9s del portal <a href=\"http:\/\/www.ticketmundo.com\/\" target=\"_blank\" rel=\"noopener\" data-saferedirecturl=\"https:\/\/www.google.com\/url?q=http:\/\/www.ticketmundo.com\/&amp;source=gmail&amp;ust=1534729074797000&amp;usg=AFQjCNFZKEi4rACe2lvqMGj0StX-5ZTg_A\">www.ticketmundo.com<\/a>. Mayor informaci\u00f3n en <a href=\"http:\/\/www.centroculturalbod.com\" target=\"_blank\" rel=\"noopener\" data-saferedirecturl=\"https:\/\/www.google.com\/url?q=http:\/\/www.centroculturalbod.com&amp;source=gmail&amp;ust=1534729074797000&amp;usg=AFQjCNFcG4pSXP91E1W93LWQqSf52VlcyQ\">www.centroculturalbod.com<\/a>, por los tel\u00e9fonos: 0800CCBOD (0800 22263 00) o en Instagram y Twitter: @cculturalbod.\n<\/div>\n<div><b>M\u00c1S ACERCA DEL ARTISTA EN:<\/b><br \/>\n<b><a href=\"http:\/\/www.alfredonaranjo.com\" target=\"_blank\" rel=\"noopener\" data-saferedirecturl=\"https:\/\/www.google.com\/url?q=http:\/\/www.alfredonaranjo.com&amp;source=gmail&amp;ust=1534729074797000&amp;usg=AFQjCNGthth-JE_vhLHbqXaIH4aFh8AbBA\">www.alfredonaranjo.com<\/a><\/b><br \/>\nTwitter e Instagram: <b>@naranjoguajeo<\/b><\/div>\n","protected":false},"excerpt":{"rendered":"<p>A lo largo de su carrera, Alfredo Naranjo ha destacado no solo por su enorme talento como ejecutante del vibr\u00e1fono, sino por un sonido distintivo que ha convertido en el sello de sus creaciones musicales. Este reconocido compositor, arreglista y vibrafonista venezolano, que desde muy joven se ha dado a conocer en la escena art\u00edstica [&hellip;]<\/p>\n","protected":false},"author":2,"featured_media":2731,"comment_status":"closed","ping_status":"open","sticky":false,"template":"","format":"standard","meta":[],"categories":[463,2],"tags":[1848,1849,1841,1838,1844,1842,379,1845,1850,1846,1843,1847,1839,1840],"wppr_data":[],"_links":{"self":[{"href":"https:\/\/www.notaoficial.com\/s\/wp-json\/wp\/v2\/posts\/2730"}],"collection":[{"href":"https:\/\/www.notaoficial.com\/s\/wp-json\/wp\/v2\/posts"}],"about":[{"href":"https:\/\/www.notaoficial.com\/s\/wp-json\/wp\/v2\/types\/post"}],"author":[{"embeddable":true,"href":"https:\/\/www.notaoficial.com\/s\/wp-json\/wp\/v2\/users\/2"}],"replies":[{"embeddable":true,"href":"https:\/\/www.notaoficial.com\/s\/wp-json\/wp\/v2\/comments?post=2730"}],"version-history":[{"count":1,"href":"https:\/\/www.notaoficial.com\/s\/wp-json\/wp\/v2\/posts\/2730\/revisions"}],"predecessor-version":[{"id":2732,"href":"https:\/\/www.notaoficial.com\/s\/wp-json\/wp\/v2\/posts\/2730\/revisions\/2732"}],"wp:featuredmedia":[{"embeddable":true,"href":"https:\/\/www.notaoficial.com\/s\/wp-json\/wp\/v2\/media\/2731"}],"wp:attachment":[{"href":"https:\/\/www.notaoficial.com\/s\/wp-json\/wp\/v2\/media?parent=2730"}],"wp:term":[{"taxonomy":"category","embeddable":true,"href":"https:\/\/www.notaoficial.com\/s\/wp-json\/wp\/v2\/categories?post=2730"},{"taxonomy":"post_tag","embeddable":true,"href":"https:\/\/www.notaoficial.com\/s\/wp-json\/wp\/v2\/tags?post=2730"}],"curies":[{"name":"wp","href":"https:\/\/api.w.org\/{rel}","templated":true}]}}