{"id":27463,"date":"2025-12-03T16:20:56","date_gmt":"2025-12-03T20:20:56","guid":{"rendered":"https:\/\/www.notaoficial.com\/s\/?p=27463"},"modified":"2025-11-30T16:40:00","modified_gmt":"2025-11-30T20:40:00","slug":"el-mundo-de-stranger-things-cobra-vida-movistar-transforma-su-espacio-en-un-portal-a-hawkins","status":"publish","type":"post","link":"https:\/\/www.notaoficial.com\/s\/2025\/12\/03\/el-mundo-de-stranger-things-cobra-vida-movistar-transforma-su-espacio-en-un-portal-a-hawkins\/","title":{"rendered":"El Mundo de Stranger Things Cobra Vida: Movistar Transforma su Espacio en un Portal a Hawkins"},"content":{"rendered":"<p>Por Eduardo Travieso Itriago<\/p>\n<p data-path-to-node=\"1\">Movistar, en una alianza estrat\u00e9gica con Netflix, ha inaugurado una experiencia inmersiva \u00fanica: la transformaci\u00f3n de su ic\u00f3nico Espacio Movistar en Madrid en un homenaje a la aclamada serie <b>Stranger Things<\/b>. Coincidiendo con el lanzamiento de la \u00faltima temporada, esta iniciativa invita a los fans a adentrarse en el universo de Hawkins, Indiana, y el misterioso Mundo del Rev\u00e9s.<\/p>\n<h3>Una Inmersi\u00f3n Total en el Universo de la Serie<\/h3>\n<p data-path-to-node=\"3\">La exposici\u00f3n se ha dise\u00f1ado meticulosamente para recrear los escenarios m\u00e1s emblem\u00e1ticos de la ficci\u00f3n, permitiendo a los visitantes interactuar con elementos clave y sentirse parte de la narrativa.<\/p>\n<ul>\n<li data-path-to-node=\"4,0,0\"><b>Recreaci\u00f3n de Escenarios Clave:<\/b> La experiencia incluye una detallada reproducci\u00f3n del m\u00edtico <b>Sal\u00f3n de los Byers<\/b>, famosa por sus luces de Navidad y la comunicaci\u00f3n con el Mundo del Rev\u00e9s. Tambi\u00e9n se ha recreado el temido <b>Laboratorio Nacional de Hawkins<\/b> y la emblem\u00e1tica <b>Casa de Vecna<\/b>, el antagonista principal.<\/li>\n<li data-path-to-node=\"4,1,0\"><b>Activaciones Interactivas:<\/b> M\u00e1s all\u00e1 de la ambientaci\u00f3n, la exposici\u00f3n cuenta con experiencias de <b>realidad aumentada (AR)<\/b> y desaf\u00edos que permiten a los asistentes utilizar sus tel\u00e9fonos m\u00f3viles para interactuar con objetos y personajes ocultos de la serie.<\/li>\n<li data-path-to-node=\"4,2,0\"><b>Nostalgia Ochentera:<\/b> El dise\u00f1o del espacio est\u00e1 impregnado de la est\u00e9tica de los a\u00f1os 80 que define a <i>Stranger Things<\/i>, transportando a los visitantes a la \u00e9poca de los walkie-talkies y las bicicletas.<\/li>\n<\/ul>\n<h3>La Experiencia del Contenido M\u00e1s All\u00e1 de la Pantalla<\/h3>\n<p data-path-to-node=\"6\">Esta colaboraci\u00f3n subraya el compromiso de Movistar con ofrecer a sus clientes una experiencia de entretenimiento integral que va m\u00e1s all\u00e1 del consumo lineal de contenido.<\/p>\n<p data-path-to-node=\"7\">\u00abEstamos encantados de asociarnos con Netflix para traer a la vida una de las series m\u00e1s seguidas del mundo. El Espacio Movistar se convierte en un punto de encuentro para la cultura <i>pop<\/i> y la innovaci\u00f3n, ofreciendo a nuestros clientes y a todos los fans una forma inolvidable de conectar con la serie que aman,\u00bb declar\u00f3 un portavoz de Movistar.<\/p>\n<p data-path-to-node=\"8\">La exposici\u00f3n es gratuita y estar\u00e1 abierta al p\u00fablico por tiempo limitado en la sede de Movistar, invitando a la comunidad de fans a despedirse de la serie viviendo una aventura en primera persona.<\/p>\n<p>Por Eduardo Travieso Itriago<\/p>\n","protected":false},"excerpt":{"rendered":"<p>Por Eduardo Travieso Itriago Movistar, en una alianza estrat\u00e9gica con Netflix, ha inaugurado una experiencia inmersiva \u00fanica: la transformaci\u00f3n de su ic\u00f3nico Espacio Movistar en Madrid en un homenaje a la aclamada serie Stranger Things. Coincidiendo con el lanzamiento de la \u00faltima temporada, esta iniciativa invita a los fans a adentrarse en el universo de [&hellip;]<\/p>\n","protected":false},"author":2,"featured_media":27470,"comment_status":"closed","ping_status":"open","sticky":false,"template":"","format":"standard","meta":[],"categories":[93,146,2],"tags":[10603,9782,10632,10529,15],"wppr_data":{"cwp_meta_box_check":"No"},"_links":{"self":[{"href":"https:\/\/www.notaoficial.com\/s\/wp-json\/wp\/v2\/posts\/27463"}],"collection":[{"href":"https:\/\/www.notaoficial.com\/s\/wp-json\/wp\/v2\/posts"}],"about":[{"href":"https:\/\/www.notaoficial.com\/s\/wp-json\/wp\/v2\/types\/post"}],"author":[{"embeddable":true,"href":"https:\/\/www.notaoficial.com\/s\/wp-json\/wp\/v2\/users\/2"}],"replies":[{"embeddable":true,"href":"https:\/\/www.notaoficial.com\/s\/wp-json\/wp\/v2\/comments?post=27463"}],"version-history":[{"count":1,"href":"https:\/\/www.notaoficial.com\/s\/wp-json\/wp\/v2\/posts\/27463\/revisions"}],"predecessor-version":[{"id":27471,"href":"https:\/\/www.notaoficial.com\/s\/wp-json\/wp\/v2\/posts\/27463\/revisions\/27471"}],"wp:featuredmedia":[{"embeddable":true,"href":"https:\/\/www.notaoficial.com\/s\/wp-json\/wp\/v2\/media\/27470"}],"wp:attachment":[{"href":"https:\/\/www.notaoficial.com\/s\/wp-json\/wp\/v2\/media?parent=27463"}],"wp:term":[{"taxonomy":"category","embeddable":true,"href":"https:\/\/www.notaoficial.com\/s\/wp-json\/wp\/v2\/categories?post=27463"},{"taxonomy":"post_tag","embeddable":true,"href":"https:\/\/www.notaoficial.com\/s\/wp-json\/wp\/v2\/tags?post=27463"}],"curies":[{"name":"wp","href":"https:\/\/api.w.org\/{rel}","templated":true}]}}