{"id":27464,"date":"2025-12-03T16:20:57","date_gmt":"2025-12-03T20:20:57","guid":{"rendered":"https:\/\/www.notaoficial.com\/s\/?p=27464"},"modified":"2025-11-30T16:23:09","modified_gmt":"2025-11-30T20:23:09","slug":"veolia-llama-a-la-unidad-empresarial-para-afrontar-la-doble-transicion-en-el-congreso-cede-2025","status":"publish","type":"post","link":"https:\/\/www.notaoficial.com\/s\/2025\/12\/03\/veolia-llama-a-la-unidad-empresarial-para-afrontar-la-doble-transicion-en-el-congreso-cede-2025\/","title":{"rendered":"Veolia Llama a la Unidad Empresarial para Afrontar la Doble Transici\u00f3n en el Congreso CEDE 2025"},"content":{"rendered":"<p data-path-to-node=\"1\">Veolia Espa\u00f1a, empresa l\u00edder en gesti\u00f3n eficiente de agua, residuos y energ\u00eda, tuvo una destacada participaci\u00f3n en el <b>Congreso de Directivos CEDE 2025<\/b>, celebrado bajo el lema \u00abEl Momento de la Empresa\u00bb. La compa\u00f1\u00eda utiliz\u00f3 su presencia en este foro clave para lanzar un mensaje directo al tejido empresarial espa\u00f1ol sobre la necesidad urgente de abordar la <b>doble transici\u00f3n ecol\u00f3gica y digital<\/b> de manera conjunta y coordinada.<\/p>\n<h3>La Urgencia de la Transformaci\u00f3n Colectiva<\/h3>\n<p data-path-to-node=\"3\">El Congreso CEDE (Confederaci\u00f3n Espa\u00f1ola de Directivos y Ejecutivos) se convirti\u00f3 en el escenario donde Veolia, a trav\u00e9s de su consejera delegada en Espa\u00f1a y Portugal, <b>Pilar G\u00f3mez<\/b>, enfatiz\u00f3 que la crisis clim\u00e1tica y la necesidad de soberan\u00eda industrial exigen que las empresas operen bajo nuevos paradigmas.<\/p>\n<ul>\n<li data-path-to-node=\"4,0,0\"><b>Foco Estrat\u00e9gico:<\/b> Veolia subray\u00f3 que la descarbonizaci\u00f3n, la gesti\u00f3n del agua y la recuperaci\u00f3n de recursos son ya pilares esenciales para la competitividad y la resiliencia empresarial. La empresa destac\u00f3 que no es suficiente con adoptar medidas aisladas; la transformaci\u00f3n debe ser sist\u00e9mica.<\/li>\n<li data-path-to-node=\"4,1,0\"><b>El Papel del Liderazgo:<\/b> Pilar G\u00f3mez hizo un llamamiento al liderazgo empresarial para asumir un rol activo, se\u00f1alando que la <b>colaboraci\u00f3n entre sectores<\/b> y la inversi\u00f3n en soluciones circulares y eficientes son los \u00fanicos caminos para garantizar la sostenibilidad a largo plazo.<\/li>\n<\/ul>\n<h3>Veolia: Liderando la Soluci\u00f3n de los Desaf\u00edos<\/h3>\n<p data-path-to-node=\"6\">La participaci\u00f3n de Veolia se centr\u00f3 en presentar soluciones concretas que ya est\u00e1n ayudando a las industrias y municipios a ser m\u00e1s eficientes.<\/p>\n<ul>\n<li data-path-to-node=\"7,0,0\"><b>Recursos y Circularidad:<\/b> La compa\u00f1\u00eda mostr\u00f3 ejemplos de c\u00f3mo la gesti\u00f3n inteligente del agua, la valorizaci\u00f3n de residuos para obtener energ\u00eda o materias primas secundarias, y la optimizaci\u00f3n energ\u00e9tica no solo reducen el impacto ambiental, sino que generan <b>ahorros operativos<\/b> significativos y refuerzan la seguridad de suministro.<\/li>\n<li data-path-to-node=\"7,1,0\"><b>Compromiso con la CEDE:<\/b> Veolia reafirm\u00f3 su apoyo a la labor de la CEDE como plataforma para generar conocimiento y di\u00e1logo entre los directivos, impulsando la necesaria evoluci\u00f3n del modelo productivo espa\u00f1ol hacia uno m\u00e1s responsable y eficiente.<\/li>\n<\/ul>\n<p data-path-to-node=\"8\">La presencia de Veolia en el Congreso CEDE 2025 confirma su posici\u00f3n como socio estrat\u00e9gico de la industria en la carrera por la neutralidad clim\u00e1tica y el desarrollo de una econom\u00eda verdaderamente circular.<\/p>\n","protected":false},"excerpt":{"rendered":"<p>Veolia Espa\u00f1a, empresa l\u00edder en gesti\u00f3n eficiente de agua, residuos y energ\u00eda, tuvo una destacada participaci\u00f3n en el Congreso de Directivos CEDE 2025, celebrado bajo el lema \u00abEl Momento de la Empresa\u00bb. La compa\u00f1\u00eda utiliz\u00f3 su presencia en este foro clave para lanzar un mensaje directo al tejido empresarial espa\u00f1ol sobre la necesidad urgente de [&hellip;]<\/p>\n","protected":false},"author":2,"featured_media":27466,"comment_status":"closed","ping_status":"open","sticky":false,"template":"","format":"standard","meta":[],"categories":[93,146,2],"tags":[9782,10632,10529,15],"wppr_data":{"cwp_meta_box_check":"No"},"_links":{"self":[{"href":"https:\/\/www.notaoficial.com\/s\/wp-json\/wp\/v2\/posts\/27464"}],"collection":[{"href":"https:\/\/www.notaoficial.com\/s\/wp-json\/wp\/v2\/posts"}],"about":[{"href":"https:\/\/www.notaoficial.com\/s\/wp-json\/wp\/v2\/types\/post"}],"author":[{"embeddable":true,"href":"https:\/\/www.notaoficial.com\/s\/wp-json\/wp\/v2\/users\/2"}],"replies":[{"embeddable":true,"href":"https:\/\/www.notaoficial.com\/s\/wp-json\/wp\/v2\/comments?post=27464"}],"version-history":[{"count":1,"href":"https:\/\/www.notaoficial.com\/s\/wp-json\/wp\/v2\/posts\/27464\/revisions"}],"predecessor-version":[{"id":27467,"href":"https:\/\/www.notaoficial.com\/s\/wp-json\/wp\/v2\/posts\/27464\/revisions\/27467"}],"wp:featuredmedia":[{"embeddable":true,"href":"https:\/\/www.notaoficial.com\/s\/wp-json\/wp\/v2\/media\/27466"}],"wp:attachment":[{"href":"https:\/\/www.notaoficial.com\/s\/wp-json\/wp\/v2\/media?parent=27464"}],"wp:term":[{"taxonomy":"category","embeddable":true,"href":"https:\/\/www.notaoficial.com\/s\/wp-json\/wp\/v2\/categories?post=27464"},{"taxonomy":"post_tag","embeddable":true,"href":"https:\/\/www.notaoficial.com\/s\/wp-json\/wp\/v2\/tags?post=27464"}],"curies":[{"name":"wp","href":"https:\/\/api.w.org\/{rel}","templated":true}]}}