{"id":27465,"date":"2025-12-03T16:20:58","date_gmt":"2025-12-03T20:20:58","guid":{"rendered":"https:\/\/www.notaoficial.com\/s\/?p=27465"},"modified":"2025-11-30T16:38:08","modified_gmt":"2025-11-30T20:38:08","slug":"hyundai-triunfa-en-el-eco-rallye-castilla-la-mancha-2025-reforzando-su-liderazgo-en-movilidad-sostenible","status":"publish","type":"post","link":"https:\/\/www.notaoficial.com\/s\/2025\/12\/03\/hyundai-triunfa-en-el-eco-rallye-castilla-la-mancha-2025-reforzando-su-liderazgo-en-movilidad-sostenible\/","title":{"rendered":"Hyundai Triunfa en el Eco Rallye Castilla-La Mancha 2025 Reforzando su Liderazgo en Movilidad Sostenible"},"content":{"rendered":"<p data-path-to-node=\"1\">Hyundai ha logrado una victoria rotunda en la edici\u00f3n 2025 del <b>Eco Rallye Castilla-La Mancha<\/b>, la \u00faltima prueba puntuable para el Campeonato de Espa\u00f1a de Energ\u00edas Alternativas (Copa de Espa\u00f1a de Eficiencia). El triunfo consolida la posici\u00f3n de Hyundai como referente indiscutible en la tecnolog\u00eda de veh\u00edculos de bajas y cero emisiones, demostrando la eficiencia y el rendimiento de su gama electrificada.<\/p>\n<h3>Doblete y Liderazgo en el Campeonato<\/h3>\n<p data-path-to-node=\"3\">El equipo de Hyundai no solo se llev\u00f3 la victoria en la prueba de Albacete, sino que tambi\u00e9n asegur\u00f3 los t\u00edtulos m\u00e1s importantes del campeonato, destacando la robustez de sus modelos en condiciones reales de conducci\u00f3n.<\/p>\n<ul>\n<li data-path-to-node=\"4,0,0\"><b>Victoria Absoluta y Campeones:<\/b> El equipo formado por <b>Hugo Velasco y Emilio Jos\u00e9 Velasco<\/b>, a bordo del <b>Hyundai IONIQ 6<\/b>, se alz\u00f3 con la victoria en la categor\u00eda de Electrizantes. Este resultado les vali\u00f3 el t\u00edtulo de <b>Campeones de la Copa de Espa\u00f1a de Eficiencia<\/b>.<\/li>\n<li data-path-to-node=\"4,1,0\"><b>Dominio en H\u00edbridos Enchufables:<\/b> En la categor\u00eda de H\u00edbridos Enchufables (PHEV), el equipo de Hyundai, con el modelo <b>TUCSON PHEV<\/b>, tambi\u00e9n consigui\u00f3 la victoria, cerrando un a\u00f1o de \u00e9xitos en la competici\u00f3n.<\/li>\n<li data-path-to-node=\"4,2,0\"><b>Modelo Estrella: IONIQ 6:<\/b> El veh\u00edculo que asegur\u00f3 el campeonato, el IONIQ 6, se destaca por su dise\u00f1o aerodin\u00e1mico y su plataforma E-GMP de 800V, demostrando una eficiencia energ\u00e9tica superior que fue clave para el triunfo en la prueba de regularidad.<\/li>\n<\/ul>\n<h3>M\u00e1s All\u00e1 de la Competici\u00f3n: Tecnolog\u00eda de Uso Diario<\/h3>\n<p data-path-to-node=\"6\">El Eco Rallye no solo mide la velocidad, sino la <b>eficiencia y la regularidad<\/b> de los veh\u00edculos en un uso cotidiano. Los resultados obtenidos por la gama electrificada de Hyundai reflejan el compromiso de la marca por ofrecer veh\u00edculos que no solo son emocionantes de conducir, sino tambi\u00e9n extremadamente eficientes y aptos para el d\u00eda a d\u00eda.<\/p>\n<p data-path-to-node=\"7\">La victoria en Castilla-La Mancha subraya la estrategia de Hyundai de impulsar una movilidad m\u00e1s limpia y sostenible, poniendo a prueba sus tecnolog\u00edas en las condiciones m\u00e1s exigentes de la competici\u00f3n.<\/p>\n","protected":false},"excerpt":{"rendered":"<p>Hyundai ha logrado una victoria rotunda en la edici\u00f3n 2025 del Eco Rallye Castilla-La Mancha, la \u00faltima prueba puntuable para el Campeonato de Espa\u00f1a de Energ\u00edas Alternativas (Copa de Espa\u00f1a de Eficiencia). El triunfo consolida la posici\u00f3n de Hyundai como referente indiscutible en la tecnolog\u00eda de veh\u00edculos de bajas y cero emisiones, demostrando la eficiencia [&hellip;]<\/p>\n","protected":false},"author":2,"featured_media":27468,"comment_status":"closed","ping_status":"open","sticky":false,"template":"","format":"standard","meta":[],"categories":[93,146,2],"tags":[9782,10632,10529,15],"wppr_data":{"cwp_meta_box_check":"No"},"_links":{"self":[{"href":"https:\/\/www.notaoficial.com\/s\/wp-json\/wp\/v2\/posts\/27465"}],"collection":[{"href":"https:\/\/www.notaoficial.com\/s\/wp-json\/wp\/v2\/posts"}],"about":[{"href":"https:\/\/www.notaoficial.com\/s\/wp-json\/wp\/v2\/types\/post"}],"author":[{"embeddable":true,"href":"https:\/\/www.notaoficial.com\/s\/wp-json\/wp\/v2\/users\/2"}],"replies":[{"embeddable":true,"href":"https:\/\/www.notaoficial.com\/s\/wp-json\/wp\/v2\/comments?post=27465"}],"version-history":[{"count":1,"href":"https:\/\/www.notaoficial.com\/s\/wp-json\/wp\/v2\/posts\/27465\/revisions"}],"predecessor-version":[{"id":27469,"href":"https:\/\/www.notaoficial.com\/s\/wp-json\/wp\/v2\/posts\/27465\/revisions\/27469"}],"wp:featuredmedia":[{"embeddable":true,"href":"https:\/\/www.notaoficial.com\/s\/wp-json\/wp\/v2\/media\/27468"}],"wp:attachment":[{"href":"https:\/\/www.notaoficial.com\/s\/wp-json\/wp\/v2\/media?parent=27465"}],"wp:term":[{"taxonomy":"category","embeddable":true,"href":"https:\/\/www.notaoficial.com\/s\/wp-json\/wp\/v2\/categories?post=27465"},{"taxonomy":"post_tag","embeddable":true,"href":"https:\/\/www.notaoficial.com\/s\/wp-json\/wp\/v2\/tags?post=27465"}],"curies":[{"name":"wp","href":"https:\/\/api.w.org\/{rel}","templated":true}]}}