{"id":27473,"date":"2025-12-04T16:40:12","date_gmt":"2025-12-04T20:40:12","guid":{"rendered":"https:\/\/www.notaoficial.com\/s\/?p=27473"},"modified":"2025-11-30T16:51:07","modified_gmt":"2025-11-30T20:51:07","slug":"lexus-es-desembarca-en-espana-con-una-octava-generacion-hibrida-y-100-electrica","status":"publish","type":"post","link":"https:\/\/www.notaoficial.com\/s\/2025\/12\/04\/lexus-es-desembarca-en-espana-con-una-octava-generacion-hibrida-y-100-electrica\/","title":{"rendered":"Lexus ES Desembarca en Espa\u00f1a con una Octava Generaci\u00f3n H\u00edbrida y 100% El\u00e9ctrica"},"content":{"rendered":"<p data-path-to-node=\"1\">Lexus ha presentado por primera vez en Espa\u00f1a la octava generaci\u00f3n de su sed\u00e1n de lujo, el <b>Lexus ES<\/b>. Con una profunda revisi\u00f3n que abarca dise\u00f1o, tecnolog\u00eda y opciones de motorizaci\u00f3n, el nuevo ES llega con la ambici\u00f3n de redefinir el segmento <i>premium<\/i> y de electrificaci\u00f3n, introduciendo por primera vez versiones completamente el\u00e9ctricas junto a su eficiente modelo h\u00edbrido.<\/p>\n<p data-path-to-node=\"2\">El debut oficial en Espa\u00f1a se llev\u00f3 a cabo en un entorno exclusivo, reflejando el nuevo enfoque de la marca: una fusi\u00f3n de tecnolog\u00eda limpia y elegancia atemporal.<\/p>\n<h3>Elegancia Electrificada: &#8216;Clean Tech x Elegance&#8217;<\/h3>\n<p>El nuevo ES se ha desarrollado bajo un concepto de dise\u00f1o denominado <b>&#8216;Clean Tech x Elegance&#8217;<\/b>. Este lenguaje est\u00e9tico confiere al veh\u00edculo una presencia m\u00e1s sofisticada y din\u00e1mica, integrando elementos distintivos que marcar\u00e1n la nueva identidad visual de Lexus.<\/p>\n<p data-path-to-node=\"5,0,0\"><b>Dise\u00f1o Exterior:<\/b> Destaca un frontal renovado con una parrilla m\u00e1s marcada y la nueva firma luminosa en doble &#8216;L&#8217;, que se convierte en el rasgo de identidad de la marca. El dise\u00f1o se complementa con nuevos tiradores de puerta enrasados y una l\u00ednea de car\u00e1cter continua (<i>Lexus Signature Line<\/i>) que aporta fluidez al conjunto.<\/p>\n<p data-path-to-node=\"5,1,0\"><b>Dise\u00f1o Interior:<\/b> El habit\u00e1culo eleva el confort a nuevos niveles de lujo, con opciones de tapicer\u00eda de cuero sint\u00e9tico Tahara o cuero semi-anilina en diversas tonalidades. El dise\u00f1o se centra en el concepto japon\u00e9s de <b>Omotenashi<\/b> (hospitalidad), anticip\u00e1ndose a las necesidades del conductor y los pasajeros.<\/p>\n<ul>\n<li>La Apuesta por la Electrificaci\u00f3n Total y la Tecnolog\u00eda de Vanguardia<\/li>\n<li data-path-to-node=\"7\">La gran novedad de esta generaci\u00f3n es la inclusi\u00f3n de versiones puramente el\u00e9ctricas, reforzando la estrategia de electrificaci\u00f3n de Lexus en el mercado espa\u00f1ol.<\/li>\n<li data-path-to-node=\"8,0,0\"><b>Motorizaciones:<\/b> La preventa comenzar\u00e1 con el conocido <b>ES 300h h\u00edbrido<\/b> y se ampliar\u00e1 con las nuevas variantes <b>ES 350e y ES 500e<\/b>, 100% el\u00e9ctricas, que prometen un rendimiento y autonom\u00eda de referencia en el segmento.<\/li>\n<li data-path-to-node=\"8,1,0\"><b>Sistema Multimedia Avanzado:<\/b> El nuevo ES incorpora el sistema <b>Multimedia System Lexus Advanced<\/b> con una pantalla t\u00e1ctil de 14 pulgadas. Este sistema operativo permite la actualizaci\u00f3n peri\u00f3dica inal\u00e1mbrica (OTA), la integraci\u00f3n de servicios como Spotify sin consumo de datos y el asistente de voz \u00abHey Lexus\u00bb, garantizando una conectividad fluida y actualizada.<\/li>\n<li data-path-to-node=\"8,2,0\"><b>Seguridad Reforzada:<\/b> El veh\u00edculo incorpora el sistema de asistencia a la conducci\u00f3n <b>Lexus Safety System+ 4<\/b>, que ofrece un paquete completo de protecci\u00f3n integral para el conductor y los ocupantes.<\/li>\n<li data-path-to-node=\"9\"><b>Comercializaci\u00f3n y Precios:<\/b><\/li>\n<li data-path-to-node=\"10,0,0\"><b>Preventa:<\/b> La preventa de la nueva gama (ES 300h, ES 350e y ES 500e) comenzar\u00e1 en <b>diciembre de 2025<\/b> con un precio de partida de <b>56.900 \u20ac<\/b>.<\/li>\n<li data-path-to-node=\"10,1,0\"><b>Disponibilidad:<\/b> Las primeras unidades estar\u00e1n disponibles en todos los Centros Autorizados Lexus de Pen\u00ednsula y Baleares a partir de <b>abril de 2026<\/b>.<\/li>\n<li data-path-to-node=\"11\">Con la llegada del nuevo ES, Lexus no solo renueva uno de sus modelos m\u00e1s ic\u00f3nicos, sino que introduce tecnolog\u00edas clave para su futuro, asegurando que la experiencia de conducci\u00f3n sea sin\u00f3nimo de refinamiento, fiabilidad y cero emisiones.<\/li>\n<\/ul>\n","protected":false},"excerpt":{"rendered":"<p>Lexus ha presentado por primera vez en Espa\u00f1a la octava generaci\u00f3n de su sed\u00e1n de lujo, el Lexus ES. Con una profunda revisi\u00f3n que abarca dise\u00f1o, tecnolog\u00eda y opciones de motorizaci\u00f3n, el nuevo ES llega con la ambici\u00f3n de redefinir el segmento premium y de electrificaci\u00f3n, introduciendo por primera vez versiones completamente el\u00e9ctricas junto a [&hellip;]<\/p>\n","protected":false},"author":2,"featured_media":27477,"comment_status":"closed","ping_status":"open","sticky":false,"template":"","format":"standard","meta":[],"categories":[93,146,2],"tags":[9782,10632,10529,15],"wppr_data":{"cwp_meta_box_check":"No"},"_links":{"self":[{"href":"https:\/\/www.notaoficial.com\/s\/wp-json\/wp\/v2\/posts\/27473"}],"collection":[{"href":"https:\/\/www.notaoficial.com\/s\/wp-json\/wp\/v2\/posts"}],"about":[{"href":"https:\/\/www.notaoficial.com\/s\/wp-json\/wp\/v2\/types\/post"}],"author":[{"embeddable":true,"href":"https:\/\/www.notaoficial.com\/s\/wp-json\/wp\/v2\/users\/2"}],"replies":[{"embeddable":true,"href":"https:\/\/www.notaoficial.com\/s\/wp-json\/wp\/v2\/comments?post=27473"}],"version-history":[{"count":1,"href":"https:\/\/www.notaoficial.com\/s\/wp-json\/wp\/v2\/posts\/27473\/revisions"}],"predecessor-version":[{"id":27478,"href":"https:\/\/www.notaoficial.com\/s\/wp-json\/wp\/v2\/posts\/27473\/revisions\/27478"}],"wp:featuredmedia":[{"embeddable":true,"href":"https:\/\/www.notaoficial.com\/s\/wp-json\/wp\/v2\/media\/27477"}],"wp:attachment":[{"href":"https:\/\/www.notaoficial.com\/s\/wp-json\/wp\/v2\/media?parent=27473"}],"wp:term":[{"taxonomy":"category","embeddable":true,"href":"https:\/\/www.notaoficial.com\/s\/wp-json\/wp\/v2\/categories?post=27473"},{"taxonomy":"post_tag","embeddable":true,"href":"https:\/\/www.notaoficial.com\/s\/wp-json\/wp\/v2\/tags?post=27473"}],"curies":[{"name":"wp","href":"https:\/\/api.w.org\/{rel}","templated":true}]}}