{"id":27474,"date":"2025-12-04T16:40:14","date_gmt":"2025-12-04T20:40:14","guid":{"rendered":"https:\/\/www.notaoficial.com\/s\/?p=27474"},"modified":"2025-11-30T16:57:45","modified_gmt":"2025-11-30T20:57:45","slug":"alianza-lima-y-laliga-refuerzan-su-vinculo-estrategico-a-traves-de-la-formacion-de-entrenadores","status":"publish","type":"post","link":"https:\/\/www.notaoficial.com\/s\/2025\/12\/04\/alianza-lima-y-laliga-refuerzan-su-vinculo-estrategico-a-traves-de-la-formacion-de-entrenadores\/","title":{"rendered":"Alianza Lima y LaLiga Refuerzan su V\u00ednculo Estrat\u00e9gico a Trav\u00e9s de la Formaci\u00f3n de Entrenadores"},"content":{"rendered":"<p>Por Eduardo Travieso Itriago<\/p>\n<p data-path-to-node=\"1\">Alianza Lima, uno de los clubes m\u00e1s emblem\u00e1ticos del f\u00fatbol peruano, y LaLiga han anunciado un nuevo paso en su colaboraci\u00f3n internacional. La alianza se consolida ahora con un enfoque estrat\u00e9gico en la <b>formaci\u00f3n y el desarrollo de entrenadores<\/b>, buscando elevar los est\u00e1ndares de calidad en las categor\u00edas inferiores y el f\u00fatbol profesional del club blanquiazul.<\/p>\n<p data-path-to-node=\"2\">Este acuerdo es una extensi\u00f3n de la colaboraci\u00f3n iniciada previamente, que refuerza el compromiso de LaLiga de exportar el conocimiento y la metodolog\u00eda de trabajo que han posicionado al f\u00fatbol espa\u00f1ol como referente mundial.<\/p>\n<h3>Formaci\u00f3n de \u00c9lite con Metodolog\u00eda Espa\u00f1ola<\/h3>\n<p data-path-to-node=\"4\">El n\u00facleo de esta nueva fase de colaboraci\u00f3n es la transferencia de conocimiento en materia de direcci\u00f3n t\u00e9cnica y gesti\u00f3n deportiva.<\/p>\n<ul>\n<li data-path-to-node=\"5,0,0\"><b>Programas Personalizados:<\/b> LaLiga proveer\u00e1 a Alianza Lima de programas de formaci\u00f3n espec\u00edficos, dise\u00f1ados por sus expertos, que abarcan desde la preparaci\u00f3n t\u00e1ctica y f\u00edsica hasta la gesti\u00f3n de vestuarios y la psicolog\u00eda deportiva.<\/li>\n<li data-path-to-node=\"5,1,0\"><b>Foco en Cantera:<\/b> La prioridad se pondr\u00e1 en los t\u00e9cnicos de las divisiones de menores de Alianza Lima, asegurando que los j\u00f3venes talentos del club reciban una instrucci\u00f3n de vanguardia desde sus inicios, siguiendo modelos de \u00e9xito aplicados en los clubes de LaLiga.<\/li>\n<li data-path-to-node=\"5,2,0\"><b>Objetivo a Largo Plazo:<\/b> La meta es clara: fomentar la profesionalizaci\u00f3n y la excelencia en el cuerpo t\u00e9cnico de Alianza Lima para que el club pueda generar, de manera autosuficiente, una cantera competitiva y un f\u00fatbol atractivo.<\/li>\n<\/ul>\n<h3>El Compromiso de LaLiga con la Internacionalizaci\u00f3n<\/h3>\n<p data-path-to-node=\"7\">El acuerdo con Alianza Lima es un ejemplo de la visi\u00f3n de LaLiga de contribuir al crecimiento del f\u00fatbol global. La exportaci\u00f3n de su metodolog\u00eda y modelo de gesti\u00f3n se ha convertido en uno de los pilares de su estrategia de internacionalizaci\u00f3n.<\/p>\n<p data-path-to-node=\"8\">Un representante de LaLiga coment\u00f3: \u00abEstamos orgullosos de continuar profundizando nuestra relaci\u00f3n con Alianza Lima, un club con una historia y una pasi\u00f3n enormes. Creemos que la formaci\u00f3n de calidad es el cimiento de cualquier \u00e9xito deportivo a largo plazo, y estamos comprometidos a dotar a sus entrenadores de las mejores herramientas para alcanzar la excelencia\u00bb.<\/p>\n<p data-path-to-node=\"9\">Por su parte, la direcci\u00f3n de Alianza Lima destac\u00f3 que esta colaboraci\u00f3n es fundamental para impulsar un cambio estructural. \u00abAliarnos con LaLiga nos permite acceder a un conocimiento de primer nivel mundial. Invertir en nuestros entrenadores es invertir en el futuro de nuestros jugadores y en la calidad del f\u00fatbol peruano\u00bb, declar\u00f3 un portavoz del club.<\/p>\n<p data-path-to-node=\"10\">Esta alianza t\u00e9cnica est\u00e1 destinada a ser un motor de desarrollo que beneficiar\u00e1 tanto a las categor\u00edas inferiores como al primer equipo de Alianza Lima, marcando un nuevo est\u00e1ndar de preparaci\u00f3n profesional en el club.<\/p>\n<p>Por Eduardo Travieso Itriago<\/p>\n","protected":false},"excerpt":{"rendered":"<p>Por Eduardo Travieso Itriago Alianza Lima, uno de los clubes m\u00e1s emblem\u00e1ticos del f\u00fatbol peruano, y LaLiga han anunciado un nuevo paso en su colaboraci\u00f3n internacional. La alianza se consolida ahora con un enfoque estrat\u00e9gico en la formaci\u00f3n y el desarrollo de entrenadores, buscando elevar los est\u00e1ndares de calidad en las categor\u00edas inferiores y el [&hellip;]<\/p>\n","protected":false},"author":2,"featured_media":27479,"comment_status":"closed","ping_status":"open","sticky":false,"template":"","format":"standard","meta":[],"categories":[93,146,2],"tags":[10603,9782,10632,10529,15],"wppr_data":{"cwp_meta_box_check":"No"},"_links":{"self":[{"href":"https:\/\/www.notaoficial.com\/s\/wp-json\/wp\/v2\/posts\/27474"}],"collection":[{"href":"https:\/\/www.notaoficial.com\/s\/wp-json\/wp\/v2\/posts"}],"about":[{"href":"https:\/\/www.notaoficial.com\/s\/wp-json\/wp\/v2\/types\/post"}],"author":[{"embeddable":true,"href":"https:\/\/www.notaoficial.com\/s\/wp-json\/wp\/v2\/users\/2"}],"replies":[{"embeddable":true,"href":"https:\/\/www.notaoficial.com\/s\/wp-json\/wp\/v2\/comments?post=27474"}],"version-history":[{"count":1,"href":"https:\/\/www.notaoficial.com\/s\/wp-json\/wp\/v2\/posts\/27474\/revisions"}],"predecessor-version":[{"id":27480,"href":"https:\/\/www.notaoficial.com\/s\/wp-json\/wp\/v2\/posts\/27474\/revisions\/27480"}],"wp:featuredmedia":[{"embeddable":true,"href":"https:\/\/www.notaoficial.com\/s\/wp-json\/wp\/v2\/media\/27479"}],"wp:attachment":[{"href":"https:\/\/www.notaoficial.com\/s\/wp-json\/wp\/v2\/media?parent=27474"}],"wp:term":[{"taxonomy":"category","embeddable":true,"href":"https:\/\/www.notaoficial.com\/s\/wp-json\/wp\/v2\/categories?post=27474"},{"taxonomy":"post_tag","embeddable":true,"href":"https:\/\/www.notaoficial.com\/s\/wp-json\/wp\/v2\/tags?post=27474"}],"curies":[{"name":"wp","href":"https:\/\/api.w.org\/{rel}","templated":true}]}}