{"id":27481,"date":"2025-12-05T16:59:00","date_gmt":"2025-12-05T20:59:00","guid":{"rendered":"https:\/\/www.notaoficial.com\/s\/?p=27481"},"modified":"2025-11-30T17:10:32","modified_gmt":"2025-11-30T21:10:32","slug":"grupo-alium-despliega-su-potencial-grafico-con-la-integracion-de-su-cuarta-impresora-canon-colorado","status":"publish","type":"post","link":"https:\/\/www.notaoficial.com\/s\/2025\/12\/05\/grupo-alium-despliega-su-potencial-grafico-con-la-integracion-de-su-cuarta-impresora-canon-colorado\/","title":{"rendered":"Grupo Alium Despliega su Potencial Gr\u00e1fico con la Integraci\u00f3n de su Cuarta Impresora Canon Colorado"},"content":{"rendered":"<p data-path-to-node=\"1\">Grupo ALIUM, la compa\u00f1\u00eda con m\u00e1s de veinte a\u00f1os de trayectoria especializada en la creaci\u00f3n de imagen corporativa y soluciones de publicidad exterior, ha dado un paso de gigante para afianzar su liderazgo. La empresa ha anunciado la incorporaci\u00f3n de su cuarta impresora <b>Canon Colorado<\/b> en su centro de producci\u00f3n de Madrid, reafirmando su compromiso inquebrantable con la innovaci\u00f3n tecnol\u00f3gica y la m\u00e1xima calidad en el sector de la impresi\u00f3n de gran formato.<\/p>\n<p data-path-to-node=\"2\">Esta nueva inversi\u00f3n no es solo una adici\u00f3n a su parque de maquinaria; es una declaraci\u00f3n de intenciones sobre la b\u00fasqueda de la eficiencia y la excelencia para responder a las demandas del mercado.<\/p>\n<h3>Canon Colorado Serie M: Potencia y Versatilidad a Gran Escala<\/h3>\n<p data-path-to-node=\"4\">El equipo reci\u00e9n incorporado, una <b>Canon Colorado Serie M<\/b>, se distingue por su car\u00e1cter modular y su tecnolog\u00eda de impresi\u00f3n bobina a bobina. La clave de su rendimiento reside en la tecnolog\u00eda <b>UVgel<\/b>, exclusiva de Canon, que permite una productividad excepcional de <b>hasta 159 m\u00b2\/h<\/b> combinada con un sistema de curado LED de baja temperatura y consumo energ\u00e9tico reducido.<\/p>\n<ul>\n<li data-path-to-node=\"5,0,0\"><b>Capacidad Aumentada:<\/b> La integraci\u00f3n de este cuarto equipo de gran formato aumenta dr\u00e1sticamente la capacidad productiva de Grupo ALIUM, permiti\u00e9ndole manejar proyectos de gran volumen con plazos de entrega m\u00e1s ajustados.<\/li>\n<li data-path-to-node=\"5,1,0\"><b>Creatividad sin L\u00edmites:<\/b> La versatilidad del equipo es fundamental. Permite a ALIUM trabajar sobre una gama extens\u00edsima de soportes, desde vinilos y lonas tradicionales hasta materiales retroiluminables y soportes magn\u00e9ticos, ofreciendo adem\u00e1s opciones de acabado en brillo, mate, o una combinaci\u00f3n de ambos (<i>FLXfinish+<\/i>). Esto se traduce en soluciones gr\u00e1ficas altamente personalizadas y con una calidad visual superior para cada cliente.<\/li>\n<\/ul>\n<h3>Compromiso con la Calidad y la Sostenibilidad<\/h3>\n<p data-path-to-node=\"7\">Desde 2018, Grupo ALIUM ha confiado en la tecnolog\u00eda Canon, lo que le ha permitido optimizar procesos y garantizar resultados de m\u00e1xima precisi\u00f3n. La nueva incorporaci\u00f3n consolida esta estrategia de crecimiento basada en la integraci\u00f3n de herramientas avanzadas que cubren todo el proceso gr\u00e1fico.<\/p>\n<p data-path-to-node=\"8\"><b>Jes\u00fas Manzanares, Director Comercial en Grupo ALIUM<\/b>, destac\u00f3 el valor estrat\u00e9gico de esta decisi\u00f3n: \u00abEn Grupo ALIUM confiamos en Canon porque su tecnolog\u00eda nos permite llevar la impresi\u00f3n de gran formato a otro nivel. La incorporaci\u00f3n de esta cuarta impresora no solo aumenta nuestra capacidad productiva, sino que reafirma nuestro compromiso con la innovaci\u00f3n, la eficiencia y la calidad en todos nuestros proyectos. As\u00ed, continuamos consolidando nuestro liderazgo en el sector y garantizamos a nuestros clientes soluciones gr\u00e1ficas m\u00e1s r\u00e1pidas, precisas y, a su vez, m\u00e1s sostenibles.\u00bb<\/p>\n<p data-path-to-node=\"9\">La adquisici\u00f3n subraya el enfoque de Grupo ALIUM en ofrecer una propuesta de valor robusta, garantizando la m\u00e1xima calidad en los resultados y la rapidez de respuesta que exigen los proyectos de imagen corporativa y publicidad exterior.<\/p>\n","protected":false},"excerpt":{"rendered":"<p>Grupo ALIUM, la compa\u00f1\u00eda con m\u00e1s de veinte a\u00f1os de trayectoria especializada en la creaci\u00f3n de imagen corporativa y soluciones de publicidad exterior, ha dado un paso de gigante para afianzar su liderazgo. La empresa ha anunciado la incorporaci\u00f3n de su cuarta impresora Canon Colorado en su centro de producci\u00f3n de Madrid, reafirmando su compromiso [&hellip;]<\/p>\n","protected":false},"author":2,"featured_media":27484,"comment_status":"closed","ping_status":"open","sticky":false,"template":"","format":"standard","meta":[],"categories":[93,146,2],"tags":[9782,10632,10529,15],"wppr_data":{"cwp_meta_box_check":"No"},"_links":{"self":[{"href":"https:\/\/www.notaoficial.com\/s\/wp-json\/wp\/v2\/posts\/27481"}],"collection":[{"href":"https:\/\/www.notaoficial.com\/s\/wp-json\/wp\/v2\/posts"}],"about":[{"href":"https:\/\/www.notaoficial.com\/s\/wp-json\/wp\/v2\/types\/post"}],"author":[{"embeddable":true,"href":"https:\/\/www.notaoficial.com\/s\/wp-json\/wp\/v2\/users\/2"}],"replies":[{"embeddable":true,"href":"https:\/\/www.notaoficial.com\/s\/wp-json\/wp\/v2\/comments?post=27481"}],"version-history":[{"count":1,"href":"https:\/\/www.notaoficial.com\/s\/wp-json\/wp\/v2\/posts\/27481\/revisions"}],"predecessor-version":[{"id":27485,"href":"https:\/\/www.notaoficial.com\/s\/wp-json\/wp\/v2\/posts\/27481\/revisions\/27485"}],"wp:featuredmedia":[{"embeddable":true,"href":"https:\/\/www.notaoficial.com\/s\/wp-json\/wp\/v2\/media\/27484"}],"wp:attachment":[{"href":"https:\/\/www.notaoficial.com\/s\/wp-json\/wp\/v2\/media?parent=27481"}],"wp:term":[{"taxonomy":"category","embeddable":true,"href":"https:\/\/www.notaoficial.com\/s\/wp-json\/wp\/v2\/categories?post=27481"},{"taxonomy":"post_tag","embeddable":true,"href":"https:\/\/www.notaoficial.com\/s\/wp-json\/wp\/v2\/tags?post=27481"}],"curies":[{"name":"wp","href":"https:\/\/api.w.org\/{rel}","templated":true}]}}