{"id":27488,"date":"2025-12-06T17:21:40","date_gmt":"2025-12-06T21:21:40","guid":{"rendered":"https:\/\/www.notaoficial.com\/s\/?p=27488"},"modified":"2025-11-30T17:32:21","modified_gmt":"2025-11-30T21:32:21","slug":"nestle-y-centros-de-investigacion-mapean-el-genoma-del-cafe-arabica-para-combatir-la-crisis-climatica","status":"publish","type":"post","link":"https:\/\/www.notaoficial.com\/s\/2025\/12\/06\/nestle-y-centros-de-investigacion-mapean-el-genoma-del-cafe-arabica-para-combatir-la-crisis-climatica\/","title":{"rendered":"Nestl\u00e9 y Centros de Investigaci\u00f3n Mapean el Genoma del Caf\u00e9 Ar\u00e1bica para Combatir la Crisis Clim\u00e1tica"},"content":{"rendered":"<p data-path-to-node=\"1\"><b>Lausana, Suiza y Centroam\u00e9rica, 16 de abril de 2024<\/b> \u2014 Nestl\u00e9, en colaboraci\u00f3n con centros de investigaci\u00f3n agr\u00edcola l\u00edderes a nivel mundial, ha anunciado un avance cient\u00edfico fundamental en la lucha por la sostenibilidad del caf\u00e9: el desarrollo de un <b>genoma de referencia de muy alta calidad para el caf\u00e9 Ar\u00e1bica<\/b>. Este \u00abmapa gen\u00e9tico\u00bb, desarrollado con ciencia de datos avanzada e inteligencia artificial, ser\u00e1 una herramienta de acceso p\u00fablico para la comunidad cient\u00edfica global, con el objetivo de asegurar el futuro de la variedad de caf\u00e9 m\u00e1s consumida en el mundo.<\/p>\n<p data-path-to-node=\"2\">El caf\u00e9 Ar\u00e1bica, que representa aproximadamente el 70% de la producci\u00f3n mundial, est\u00e1 gravemente amenazado por el cambio clim\u00e1tico. Su baja tolerancia a las temperaturas elevadas y su vulnerabilidad a enfermedades como la roya de la hoja est\u00e1n reduciendo la tierra cultivable y el rendimiento de las cosechas.<\/p>\n<h3>Un Mapa de Alta Definici\u00f3n para la Resiliencia<\/h3>\n<p data-path-to-node=\"4\">El genoma de referencia act\u00faa como un plano detallado que permitir\u00e1 a los cient\u00edficos identificar y seleccionar rasgos gen\u00e9ticos espec\u00edficos para el desarrollo de variedades de caf\u00e9 mejoradas.<\/p>\n<ul>\n<li data-path-to-node=\"5,0,0\"><b>Objetivos de la Investigaci\u00f3n:<\/b> El proyecto busca crear y cultivar nuevas variedades de Ar\u00e1bica que sean m\u00e1s <b>resistentes a las sequ\u00edas y enfermedades<\/b>, ofrezcan un <b>mayor rendimiento<\/b> y mantengan los atributos de <b>sabor y aroma<\/b> caracter\u00edsticos de este caf\u00e9 <i>premium<\/i>.<\/li>\n<li data-path-to-node=\"5,1,0\"><b>Tecnolog\u00eda de Vanguardia:<\/b> Los expertos de Nestl\u00e9 Research utilizaron enfoques gen\u00f3micos de \u00faltima generaci\u00f3n, incluyendo la secuenciaci\u00f3n de alto rendimiento, para crear una referencia completa y continua del Ar\u00e1bica, superando en calidad a las referencias p\u00fablicas existentes.<\/li>\n<li data-path-to-node=\"5,2,0\"><b>Impacto Global y Colaborativo:<\/b> La accesibilidad de este genoma de referencia fomenta la colaboraci\u00f3n en toda la industria, ayudando a cient\u00edficos, agr\u00f3nomos y agricultores a acelerar la identificaci\u00f3n y la cr\u00eda de plantas de caf\u00e9 m\u00e1s resilientes.<\/li>\n<\/ul>\n<p data-path-to-node=\"6\"><b>Jeroen Dijkman, responsable del Instituto de Ciencias Agr\u00edcolas de Nestl\u00e9<\/b>, compar\u00f3 este logro con la cartograf\u00eda urbana: \u00ab<span class=\"citation-9 citation-end-9\">Nuestra nueva referencia es como un mapa de alta calidad de una gran ciudad. Nos ayudar\u00e1 a identificar marcadores gen\u00e9ticos clave en el genoma de Ar\u00e1bica que son responsables de rasgos espec\u00edficos en las plantas adult<\/span>as. Esto es crucial para nuestros cient\u00edficos y para otros expertos que trabajan en seleccionar y cultivar variedades de caf\u00e9 Ar\u00e1bica nuevas y mejoradas.\u00bb<\/p>\n<p data-path-to-node=\"7\">Este avance es un pilar fundamental del <b>Nescaf\u00e9 Plan<\/b>, la iniciativa de Nestl\u00e9 para promover el cultivo sostenible y el desarrollo de la pr\u00f3xima generaci\u00f3n de cafetos que puedan prosperar en un clima cambiante, protegiendo as\u00ed los medios de vida de miles de agricultores a nivel mundial.<\/p>\n","protected":false},"excerpt":{"rendered":"<p>Lausana, Suiza y Centroam\u00e9rica, 16 de abril de 2024 \u2014 Nestl\u00e9, en colaboraci\u00f3n con centros de investigaci\u00f3n agr\u00edcola l\u00edderes a nivel mundial, ha anunciado un avance cient\u00edfico fundamental en la lucha por la sostenibilidad del caf\u00e9: el desarrollo de un genoma de referencia de muy alta calidad para el caf\u00e9 Ar\u00e1bica. Este \u00abmapa gen\u00e9tico\u00bb, desarrollado [&hellip;]<\/p>\n","protected":false},"author":2,"featured_media":27493,"comment_status":"closed","ping_status":"open","sticky":false,"template":"","format":"standard","meta":[],"categories":[93,146,2],"tags":[9782,10632,10529,15],"wppr_data":{"cwp_meta_box_check":"No"},"_links":{"self":[{"href":"https:\/\/www.notaoficial.com\/s\/wp-json\/wp\/v2\/posts\/27488"}],"collection":[{"href":"https:\/\/www.notaoficial.com\/s\/wp-json\/wp\/v2\/posts"}],"about":[{"href":"https:\/\/www.notaoficial.com\/s\/wp-json\/wp\/v2\/types\/post"}],"author":[{"embeddable":true,"href":"https:\/\/www.notaoficial.com\/s\/wp-json\/wp\/v2\/users\/2"}],"replies":[{"embeddable":true,"href":"https:\/\/www.notaoficial.com\/s\/wp-json\/wp\/v2\/comments?post=27488"}],"version-history":[{"count":1,"href":"https:\/\/www.notaoficial.com\/s\/wp-json\/wp\/v2\/posts\/27488\/revisions"}],"predecessor-version":[{"id":27494,"href":"https:\/\/www.notaoficial.com\/s\/wp-json\/wp\/v2\/posts\/27488\/revisions\/27494"}],"wp:featuredmedia":[{"embeddable":true,"href":"https:\/\/www.notaoficial.com\/s\/wp-json\/wp\/v2\/media\/27493"}],"wp:attachment":[{"href":"https:\/\/www.notaoficial.com\/s\/wp-json\/wp\/v2\/media?parent=27488"}],"wp:term":[{"taxonomy":"category","embeddable":true,"href":"https:\/\/www.notaoficial.com\/s\/wp-json\/wp\/v2\/categories?post=27488"},{"taxonomy":"post_tag","embeddable":true,"href":"https:\/\/www.notaoficial.com\/s\/wp-json\/wp\/v2\/tags?post=27488"}],"curies":[{"name":"wp","href":"https:\/\/api.w.org\/{rel}","templated":true}]}}