{"id":2750,"date":"2018-08-21T13:59:17","date_gmt":"2018-08-21T17:59:17","guid":{"rendered":"http:\/\/www.notaoficial.com\/s\/?p=2750"},"modified":"2018-08-21T13:59:17","modified_gmt":"2018-08-21T17:59:17","slug":"la-toscana-el-nuevo-video-en-vivo-de-el-otro-polo","status":"publish","type":"post","link":"https:\/\/www.notaoficial.com\/s\/2018\/08\/21\/la-toscana-el-nuevo-video-en-vivo-de-el-otro-polo\/","title":{"rendered":"\u201cLa Toscana\u201d, el nuevo video en vivo de El Otro Polo"},"content":{"rendered":"<p>Carlos Poletto, conocido como El Otro Polo, su proyecto solista, lanz\u00f3 este domingo 19 de agosto el video, grabado en vivo, de La Toscana, quinto sencillo de su \u00f3pera prima titulada A color, editada el a\u00f1o pasado, en la que plantea una propuesta actual y elegante de sus inquietudes musicales y cinematogr\u00e1ficas.<\/p>\n<p>La pieza audiovisual en directo, se hizo durante un concierto intimista y conceptual que el cantautor ofreci\u00f3 el 8 de junio en el Centro Cultural BOD, en el que cant\u00f3 a d\u00fao con la novel cantante y compositora Lolita De Sola, quien particip\u00f3 en su disco.<\/p>\n<p>La Toscana, que tambi\u00e9n se encuentra disponible en audio en todas las plataformas digitales de m\u00fasica, es el primer video que Polo publica en vivo, de varios que sacar\u00e1 de ese concierto, que logr\u00f3 cautivar al p\u00fablico que llen\u00f3 las dos salas. En el video tambi\u00e9n participan los m\u00fasicos Andr\u00e9s Barrios, de Los Hermanos Naturales, en el serrucho; Gerardo Lugo en los teclados y Jorge Ramoncini en el contrabajo.<\/p>\n<p>La canci\u00f3n es una de las m\u00e1s especiales y con la que mejor conecta el artista, no solo por la sinceridad de la letra, sino tambi\u00e9n por la sonoridad, que lleva literalmente a pensar que se est\u00e1 en la Toscana, esa particular regi\u00f3n italiana.<\/p>\n<p>Cabe destacar que El Otro Polo tiene cuatro nominaciones en la sexta edici\u00f3n de los premios Pepsi Music. En jazz, figura en las categor\u00edas artista del a\u00f1o y disco del a\u00f1o por A color, as\u00ed como en tema del a\u00f1o por Traviesa. Tambi\u00e9n compite en el rubro de fusi\u00f3n tropical, en el apartado de disco del a\u00f1o.<\/p>\n<p><iframe loading=\"lazy\" src=\"https:\/\/www.youtube.com\/embed\/w7uCMAm-sWs\" width=\"1044\" height=\"587\" frameborder=\"0\" allowfullscreen=\"allowfullscreen\"><\/iframe><\/p>\n","protected":false},"excerpt":{"rendered":"<p>Carlos Poletto, conocido como El Otro Polo, su proyecto solista, lanz\u00f3 este domingo 19 de agosto el video, grabado en vivo, de La Toscana, quinto sencillo de su \u00f3pera prima titulada A color, editada el a\u00f1o pasado, en la que plantea una propuesta actual y elegante de sus inquietudes musicales y cinematogr\u00e1ficas. La pieza audiovisual [&hellip;]<\/p>\n","protected":false},"author":2,"featured_media":2751,"comment_status":"closed","ping_status":"open","sticky":false,"template":"","format":"standard","meta":[],"categories":[463,2],"tags":[379,1267,385,1260,1881,1882],"wppr_data":[],"_links":{"self":[{"href":"https:\/\/www.notaoficial.com\/s\/wp-json\/wp\/v2\/posts\/2750"}],"collection":[{"href":"https:\/\/www.notaoficial.com\/s\/wp-json\/wp\/v2\/posts"}],"about":[{"href":"https:\/\/www.notaoficial.com\/s\/wp-json\/wp\/v2\/types\/post"}],"author":[{"embeddable":true,"href":"https:\/\/www.notaoficial.com\/s\/wp-json\/wp\/v2\/users\/2"}],"replies":[{"embeddable":true,"href":"https:\/\/www.notaoficial.com\/s\/wp-json\/wp\/v2\/comments?post=2750"}],"version-history":[{"count":1,"href":"https:\/\/www.notaoficial.com\/s\/wp-json\/wp\/v2\/posts\/2750\/revisions"}],"predecessor-version":[{"id":2752,"href":"https:\/\/www.notaoficial.com\/s\/wp-json\/wp\/v2\/posts\/2750\/revisions\/2752"}],"wp:featuredmedia":[{"embeddable":true,"href":"https:\/\/www.notaoficial.com\/s\/wp-json\/wp\/v2\/media\/2751"}],"wp:attachment":[{"href":"https:\/\/www.notaoficial.com\/s\/wp-json\/wp\/v2\/media?parent=2750"}],"wp:term":[{"taxonomy":"category","embeddable":true,"href":"https:\/\/www.notaoficial.com\/s\/wp-json\/wp\/v2\/categories?post=2750"},{"taxonomy":"post_tag","embeddable":true,"href":"https:\/\/www.notaoficial.com\/s\/wp-json\/wp\/v2\/tags?post=2750"}],"curies":[{"name":"wp","href":"https:\/\/api.w.org\/{rel}","templated":true}]}}