{"id":27500,"date":"2025-12-09T23:30:35","date_gmt":"2025-12-10T03:30:35","guid":{"rendered":"https:\/\/www.notaoficial.com\/s\/?p=27500"},"modified":"2025-12-09T23:30:35","modified_gmt":"2025-12-10T03:30:35","slug":"movistar-arena-celebra-5-millones-de-asistentes-y-reafirma-su-liderazgo-en-entretenimiento-en-colombia","status":"publish","type":"post","link":"https:\/\/www.notaoficial.com\/s\/2025\/12\/09\/movistar-arena-celebra-5-millones-de-asistentes-y-reafirma-su-liderazgo-en-entretenimiento-en-colombia\/","title":{"rendered":"Movistar Arena celebra 5 millones de asistentes y reafirma su liderazgo en entretenimiento en Colombia"},"content":{"rendered":"<p>En el marco del concierto Yandel Sinf\u00f3nico, el Movistar Arena alcanzar\u00e1 un hito hist\u00f3rico: recibi\u00f3 a su asistente n\u00famero cinco millones. Un logro que consolida al escenario como el epicentro del entretenimiento en Colombia y uno de los venues m\u00e1s relevantes de Am\u00e9rica Latina.<\/p>\n<p>Desde su apertura en 2018, el Movistar Arena ha sido testigo de la energ\u00eda de m\u00e1s de 790 artistas nacionales e internacionales, la realizaci\u00f3n de m\u00e1s de 500 eventos p\u00fablicos y 200 eventos privados, con una capacidad que oscila entre 12.000 y 20.000 asistentes por show. Estas cifras reflejan un crecimiento sostenido y un liderazgo s\u00f3lido en la industria del entretenimiento, con una participaci\u00f3n del 80% frente a otros escenarios del pa\u00eds con capacidades similares.<\/p>\n<p>A lo largo de su trayectoria, el Movistar Arena se ha consolidado como pionero en la transformaci\u00f3n del entretenimiento en vivo en Colombia, implementando est\u00e1ndares internacionales, tecnolog\u00edas de \u00faltima generaci\u00f3n y experiencias inmersivas que han elevado la forma de vivir los grandes espect\u00e1culos. Hoy, adem\u00e1s, se posiciona como un epicentro cultural que conecta a artistas, fan\u00e1ticos y comunidades en un mismo espacio donde convergen la m\u00fasica, el arte, la innovaci\u00f3n y la diversidad.<\/p>\n<h3 class=\"wp-block-heading\">Movistar Arena, escenario de millones de emociones<\/h3>\n<p>En 2025, el <a href=\"https:\/\/movistararena.co\/\" target=\"_blank\" rel=\"noreferrer noopener\">Movistar Arena de Bogot\u00e1<\/a> fue nominado en dos ocasiones por Pollstar como Venue Internacional del A\u00f1o, un reconocimiento que ratifica su posicionamiento como uno de los escenarios m\u00e1s destacados de Am\u00e9rica Latina.<br \/>\n\u201cCelebrar a nuestro asistente n\u00famero cinco millones es mucho m\u00e1s que una cifra: es la suma de millones de emociones, recuerdos y experiencias que hemos compartido con el p\u00fablico colombiano y con cada artista que ha pisado nuestro escenario\u201d, afirm\u00f3 Luis Guillermo Quintero, gerente general del Movistar Arena Bogot\u00e1.<\/p>\n<p>Este hito reafirma la posici\u00f3n del Movistar Arena como #ElCorazonDeBogota, un espacio que late al ritmo de la m\u00fasica, la cultura y la innovaci\u00f3n. Adem\u00e1s, refleja el compromiso del venue con la sostenibilidad, la inclusi\u00f3n y la generaci\u00f3n de experiencias \u00fanicas para todos los asistentes.<\/p>\n<p>Con una programaci\u00f3n que contin\u00faa sorprendiendo, el Movistar Arena sigue escribiendo su historia al ritmo de grandes espect\u00e1culos que conectan millones de historias, sue\u00f1os y emociones.<\/p>\n","protected":false},"excerpt":{"rendered":"<p>En el marco del concierto Yandel Sinf\u00f3nico, el Movistar Arena alcanzar\u00e1 un hito hist\u00f3rico: recibi\u00f3 a su asistente n\u00famero cinco millones. Un logro que consolida al escenario como el epicentro del entretenimiento en Colombia y uno de los venues m\u00e1s relevantes de Am\u00e9rica Latina. Desde su apertura en 2018, el Movistar Arena ha sido testigo [&hellip;]<\/p>\n","protected":false},"author":2,"featured_media":27507,"comment_status":"closed","ping_status":"open","sticky":false,"template":"","format":"standard","meta":[],"categories":[93,146,2],"tags":[9782,10632,15],"wppr_data":{"cwp_meta_box_check":"No"},"_links":{"self":[{"href":"https:\/\/www.notaoficial.com\/s\/wp-json\/wp\/v2\/posts\/27500"}],"collection":[{"href":"https:\/\/www.notaoficial.com\/s\/wp-json\/wp\/v2\/posts"}],"about":[{"href":"https:\/\/www.notaoficial.com\/s\/wp-json\/wp\/v2\/types\/post"}],"author":[{"embeddable":true,"href":"https:\/\/www.notaoficial.com\/s\/wp-json\/wp\/v2\/users\/2"}],"replies":[{"embeddable":true,"href":"https:\/\/www.notaoficial.com\/s\/wp-json\/wp\/v2\/comments?post=27500"}],"version-history":[{"count":1,"href":"https:\/\/www.notaoficial.com\/s\/wp-json\/wp\/v2\/posts\/27500\/revisions"}],"predecessor-version":[{"id":27508,"href":"https:\/\/www.notaoficial.com\/s\/wp-json\/wp\/v2\/posts\/27500\/revisions\/27508"}],"wp:featuredmedia":[{"embeddable":true,"href":"https:\/\/www.notaoficial.com\/s\/wp-json\/wp\/v2\/media\/27507"}],"wp:attachment":[{"href":"https:\/\/www.notaoficial.com\/s\/wp-json\/wp\/v2\/media?parent=27500"}],"wp:term":[{"taxonomy":"category","embeddable":true,"href":"https:\/\/www.notaoficial.com\/s\/wp-json\/wp\/v2\/categories?post=27500"},{"taxonomy":"post_tag","embeddable":true,"href":"https:\/\/www.notaoficial.com\/s\/wp-json\/wp\/v2\/tags?post=27500"}],"curies":[{"name":"wp","href":"https:\/\/api.w.org\/{rel}","templated":true}]}}