{"id":2753,"date":"2018-08-21T15:00:09","date_gmt":"2018-08-21T19:00:09","guid":{"rendered":"http:\/\/www.notaoficial.com\/s\/?p=2753"},"modified":"2018-08-21T14:05:08","modified_gmt":"2018-08-21T18:05:08","slug":"double-shot-por-la-vision-de-construir-pais-la-nueva-edicion-de-pechakucha-night-caracas","status":"publish","type":"post","link":"https:\/\/www.notaoficial.com\/s\/2018\/08\/21\/double-shot-por-la-vision-de-construir-pais-la-nueva-edicion-de-pechakucha-night-caracas\/","title":{"rendered":"Double shot por la visi\u00f3n de construir pa\u00eds: la nueva edici\u00f3n de Pechakucha Night Caracas"},"content":{"rendered":"<p>El jueves 23 de agosto, en el Centro Cultural Chacao, la audiencia podr\u00e1 conocer las visiones de esta nueva combinaci\u00f3n de ponentes en la d\u00e9cima edici\u00f3n de Pechakucha Night Caracas,<\/p>\n<p><strong><em>\u201cDouble Shot: Unidos por la misma visi\u00f3n:\u00a0 Construir Pa\u00eds\u201d.<\/em><\/strong><\/p>\n<p>Esta edici\u00f3n, a diferencia de las anteriores, tiene la particularidad de que las ponencias ser\u00e1n presentadas en duplas; Luis Carlos D\u00edaz junto a su pareja Naky Soto (ambos periodistas); Valentina Quintero (periodista) con Arianna Arteaga su hija (periodista, viajera y fot\u00f3grafa); Ricardo Sanabria (emprendedor) junto a su padre Tom\u00e1s Sanabria (m\u00e9dico); Daniel Salerno (cofundador de N\u00edspero) con su hermano Fernando Salerno (CEO y cofundador de N\u00edspero); Pietro Carbone (barista) con su colega Rosanna Di Turi (periodista gastron\u00f3mico) y por \u00faltimo Liana Malva (cantautora) junto a Carlos Pel\u00e1ez (bi\u00f3logo y ec\u00f3logo), quienes unieron sus esfuerzos para trabajar en el proyecto Gotas.<\/p>\n<p>Cada dupla dar\u00e1 a conocer sus ideas y proyectos a trav\u00e9s de 20 im\u00e1genes, con cambios sucesivos tras 20 segundos, para darle mayor dinamismo a las ponencias. El p\u00fablico podr\u00e1 adquirir las entradas en Ticketmundo.com o en las taquillas del Centro Cultural de Chacao. Para mayor informaci\u00f3n acerca del evento, visita @pechakucha_ccs en Instagram.<\/p>\n<p><strong>Sobre Pechakucha Night<\/strong><\/p>\n<p>El formato Pechakucha Night naci\u00f3 en 2003 y ya existe en m\u00e1s de mil ciudades alrededor del mundo gracias a dos arquitectos de Tokio, quienes plantearon una nueva forma de presentaci\u00f3n para expositores. La misma consiste en contar una historia utilizando una muestra de 20 im\u00e1genes por cada 20 segundos.<\/p>\n<p>Hasta los momentos, en Caracas, se ha tratado una tem\u00e1tica por evento, como por ejemplo \u201cEconom\u00eda Naranja\u201d y \u201cProyecto: Venezuela\u201d.<\/p>\n<p>La producci\u00f3n de las pasadas ediciones de Pechakucha Night Caracas, realizadas durante dos a\u00f1os en los espacios del Teatro Trasnocho Cultural, Centro Cultural Chacao, Universidad Metropolitana y la Universidad Cat\u00f3lica Andr\u00e9s Bello, han estado a cargo de Mariana Branger y Mar\u00eda Ignacia Vicentini, con el apoyo de Superlab Producciones y sus aliados.<\/p>\n","protected":false},"excerpt":{"rendered":"<p>El jueves 23 de agosto, en el Centro Cultural Chacao, la audiencia podr\u00e1 conocer las visiones de esta nueva combinaci\u00f3n de ponentes en la d\u00e9cima edici\u00f3n de Pechakucha Night Caracas, \u201cDouble Shot: Unidos por la misma visi\u00f3n:\u00a0 Construir Pa\u00eds\u201d. Esta edici\u00f3n, a diferencia de las anteriores, tiene la particularidad de que las ponencias ser\u00e1n presentadas [&hellip;]<\/p>\n","protected":false},"author":2,"featured_media":2754,"comment_status":"closed","ping_status":"open","sticky":false,"template":"","format":"standard","meta":[],"categories":[463,2],"tags":[1891,49,693,1894,1895,1886,1885,1889,1888,1892,1887,1883,1893,1172,1884,1890],"wppr_data":[],"_links":{"self":[{"href":"https:\/\/www.notaoficial.com\/s\/wp-json\/wp\/v2\/posts\/2753"}],"collection":[{"href":"https:\/\/www.notaoficial.com\/s\/wp-json\/wp\/v2\/posts"}],"about":[{"href":"https:\/\/www.notaoficial.com\/s\/wp-json\/wp\/v2\/types\/post"}],"author":[{"embeddable":true,"href":"https:\/\/www.notaoficial.com\/s\/wp-json\/wp\/v2\/users\/2"}],"replies":[{"embeddable":true,"href":"https:\/\/www.notaoficial.com\/s\/wp-json\/wp\/v2\/comments?post=2753"}],"version-history":[{"count":1,"href":"https:\/\/www.notaoficial.com\/s\/wp-json\/wp\/v2\/posts\/2753\/revisions"}],"predecessor-version":[{"id":2755,"href":"https:\/\/www.notaoficial.com\/s\/wp-json\/wp\/v2\/posts\/2753\/revisions\/2755"}],"wp:featuredmedia":[{"embeddable":true,"href":"https:\/\/www.notaoficial.com\/s\/wp-json\/wp\/v2\/media\/2754"}],"wp:attachment":[{"href":"https:\/\/www.notaoficial.com\/s\/wp-json\/wp\/v2\/media?parent=2753"}],"wp:term":[{"taxonomy":"category","embeddable":true,"href":"https:\/\/www.notaoficial.com\/s\/wp-json\/wp\/v2\/categories?post=2753"},{"taxonomy":"post_tag","embeddable":true,"href":"https:\/\/www.notaoficial.com\/s\/wp-json\/wp\/v2\/tags?post=2753"}],"curies":[{"name":"wp","href":"https:\/\/api.w.org\/{rel}","templated":true}]}}