{"id":27789,"date":"2026-01-17T07:52:25","date_gmt":"2026-01-17T11:52:25","guid":{"rendered":"https:\/\/www.notaoficial.com\/s\/?p=27789"},"modified":"2026-01-24T07:54:30","modified_gmt":"2026-01-24T11:54:30","slug":"santander-mexico-lanza-3000-becas-internacionales-para-formacion-en-salud-mental-y-autocuidado","status":"publish","type":"post","link":"https:\/\/www.notaoficial.com\/s\/2026\/01\/17\/santander-mexico-lanza-3000-becas-internacionales-para-formacion-en-salud-mental-y-autocuidado\/","title":{"rendered":"Santander M\u00e9xico Lanza 3,000 Becas Internacionales para Formaci\u00f3n en Salud Mental y Autocuidado"},"content":{"rendered":"<p data-path-to-node=\"6\"><b data-path-to-node=\"6\" data-index-in-node=\"0\">Santander M\u00e9xico<\/b> ha formalizado el lanzamiento de su primer programa masivo de <b data-path-to-node=\"6\" data-index-in-node=\"79\">3,000 becas<\/b> destinadas a la formaci\u00f3n internacional en <b data-path-to-node=\"6\" data-index-in-node=\"134\">salud mental y autocuidado<\/b>. Esta iniciativa estrat\u00e9gica responde a la creciente necesidad de herramientas profesionales para la gesti\u00f3n emocional en el entorno actual. Al facilitar el acceso a conocimientos globales, la instituci\u00f3n financiera busca fortalecer la resiliencia social y profesional de los beneficiarios, integrando el bienestar psicol\u00f3gico como un componente esencial del progreso individual y colectivo.<\/p>\n<h3 data-path-to-node=\"7\"><b data-path-to-node=\"7\" data-index-in-node=\"0\">Estructura del Programa y Alcance Acad\u00e9mico<\/b><\/h3>\n<p data-path-to-node=\"8\">La convocatoria se ha dise\u00f1ado para ofrecer una experiencia educativa de alto nivel con las siguientes caracter\u00edsticas:<\/p>\n<ul>\n<li data-path-to-node=\"9,0,0\"><b data-path-to-node=\"9,0,0\" data-index-in-node=\"0\">Formaci\u00f3n Internacional:<\/b> Los cursos son impartidos por instituciones acad\u00e9micas de prestigio global, garantizando metodolog\u00edas actualizadas y est\u00e1ndares t\u00e9cnicos internacionales.<\/li>\n<li data-path-to-node=\"9,1,0\"><b data-path-to-node=\"9,1,0\" data-index-in-node=\"0\">Competencias en Autocuidado:<\/b> El plan de estudios abarca desde la gesti\u00f3n del estr\u00e9s y la inteligencia emocional hasta estrategias avanzadas de prevenci\u00f3n en salud mental.<\/li>\n<li data-path-to-node=\"9,2,0\"><b data-path-to-node=\"9,2,0\" data-index-in-node=\"0\">Modalidad Digital y Flexible:<\/b> La plataforma permite la formaci\u00f3n remota, facilitando la participaci\u00f3n de estudiantes y profesionales de todo el pa\u00eds sin barreras geogr\u00e1ficas.<\/li>\n<\/ul>\n<h3 data-path-to-node=\"10\"><b data-path-to-node=\"10\" data-index-in-node=\"0\">Impacto Estrat\u00e9gico en el Ecosistema Profesional<\/b><\/h3>\n<p data-path-to-node=\"11\">Para Santander, este programa de becas en 2026 representa una evoluci\u00f3n en sus pol\u00edticas de responsabilidad social corporativa:<\/p>\n<ol>\n<li data-path-to-node=\"12,0,0\"><b data-path-to-node=\"12,0,0\" data-index-in-node=\"0\">Productividad y Retenci\u00f3n de Talento:<\/b> La formaci\u00f3n en salud mental se traduce en profesionales m\u00e1s capaces de gestionar entornos laborales complejos, reduciendo el agotamiento y mejorando el clima organizacional.<\/li>\n<li data-path-to-node=\"12,1,0\"><b data-path-to-node=\"12,1,0\" data-index-in-node=\"0\">Reducci\u00f3n de la Brecha de Acceso:<\/b> Al eliminar el coste de formaci\u00f3n especializada, se democratizan herramientas que tradicionalmente han sido de dif\u00edcil acceso para amplios sectores de la poblaci\u00f3n.<\/li>\n<li data-path-to-node=\"12,2,0\"><b data-path-to-node=\"12,2,0\" data-index-in-node=\"0\">Compromiso con la Agenda Social:<\/b> La iniciativa alinea los objetivos del banco con las prioridades de salud p\u00fablica en M\u00e9xico, reforzando el <i data-path-to-node=\"12,2,0\" data-index-in-node=\"140\">brand equity<\/i> mediante acciones de impacto directo en la calidad de vida.<\/li>\n<\/ol>\n<h3 data-path-to-node=\"13\"><b data-path-to-node=\"13\" data-index-in-node=\"0\">Visi\u00f3n 2026: Salud Mental para el \u00c9xito Sostenible<\/b><\/h3>\n<p data-path-to-node=\"14\">La salud mental ha dejado de ser un tema perif\u00e9rico para convertirse en una prioridad estrat\u00e9gica en 2026. Santander identifica que el crecimiento econ\u00f3mico sostenible es inseparable del equilibrio emocional de los ciudadanos. Este programa de 3,000 becas es el primer paso de una estrategia a largo plazo para posicionar al banco no solo como un socio financiero, sino como un facilitador del bienestar integral, adapt\u00e1ndose a las demandas de una sociedad que valora la salud preventiva por encima de la reactiva.<\/p>\n<h3 data-path-to-node=\"15\"><b data-path-to-node=\"15\" data-index-in-node=\"0\">Liderazgo en el Desarrollo Humano<\/b><\/h3>\n<p data-path-to-node=\"16\">La apuesta de Santander por la salud mental en M\u00e9xico subraya la importancia de invertir en el capital humano m\u00e1s all\u00e1 de las competencias t\u00e9cnicas tradicionales. Al proporcionar estas 3,000 becas, la instituci\u00f3n lidera un cambio cultural hacia el autocuidado, asegurando que el talento mexicano cuente con la solidez emocional necesaria para enfrentar los retos globales del futuro.<\/p>\n","protected":false},"excerpt":{"rendered":"<p>Santander M\u00e9xico ha formalizado el lanzamiento de su primer programa masivo de 3,000 becas destinadas a la formaci\u00f3n internacional en salud mental y autocuidado. Esta iniciativa estrat\u00e9gica responde a la creciente necesidad de herramientas profesionales para la gesti\u00f3n emocional en el entorno actual. Al facilitar el acceso a conocimientos globales, la instituci\u00f3n financiera busca fortalecer [&hellip;]<\/p>\n","protected":false},"author":2,"featured_media":27792,"comment_status":"closed","ping_status":"open","sticky":false,"template":"","format":"standard","meta":[],"categories":[93,146,2],"tags":[9782,10632,10529,9707,15],"wppr_data":{"cwp_meta_box_check":"No"},"_links":{"self":[{"href":"https:\/\/www.notaoficial.com\/s\/wp-json\/wp\/v2\/posts\/27789"}],"collection":[{"href":"https:\/\/www.notaoficial.com\/s\/wp-json\/wp\/v2\/posts"}],"about":[{"href":"https:\/\/www.notaoficial.com\/s\/wp-json\/wp\/v2\/types\/post"}],"author":[{"embeddable":true,"href":"https:\/\/www.notaoficial.com\/s\/wp-json\/wp\/v2\/users\/2"}],"replies":[{"embeddable":true,"href":"https:\/\/www.notaoficial.com\/s\/wp-json\/wp\/v2\/comments?post=27789"}],"version-history":[{"count":1,"href":"https:\/\/www.notaoficial.com\/s\/wp-json\/wp\/v2\/posts\/27789\/revisions"}],"predecessor-version":[{"id":27793,"href":"https:\/\/www.notaoficial.com\/s\/wp-json\/wp\/v2\/posts\/27789\/revisions\/27793"}],"wp:featuredmedia":[{"embeddable":true,"href":"https:\/\/www.notaoficial.com\/s\/wp-json\/wp\/v2\/media\/27792"}],"wp:attachment":[{"href":"https:\/\/www.notaoficial.com\/s\/wp-json\/wp\/v2\/media?parent=27789"}],"wp:term":[{"taxonomy":"category","embeddable":true,"href":"https:\/\/www.notaoficial.com\/s\/wp-json\/wp\/v2\/categories?post=27789"},{"taxonomy":"post_tag","embeddable":true,"href":"https:\/\/www.notaoficial.com\/s\/wp-json\/wp\/v2\/tags?post=27789"}],"curies":[{"name":"wp","href":"https:\/\/api.w.org\/{rel}","templated":true}]}}