{"id":27790,"date":"2026-01-17T07:52:33","date_gmt":"2026-01-17T11:52:33","guid":{"rendered":"https:\/\/www.notaoficial.com\/s\/?p=27790"},"modified":"2026-01-24T07:58:55","modified_gmt":"2026-01-24T11:58:55","slug":"liderazgo-en-capacitacion-mcdonalds-chile-recibe-el-premio-educar-para-el-futuro","status":"publish","type":"post","link":"https:\/\/www.notaoficial.com\/s\/2026\/01\/17\/liderazgo-en-capacitacion-mcdonalds-chile-recibe-el-premio-educar-para-el-futuro\/","title":{"rendered":"Liderazgo en Capacitaci\u00f3n: McDonald\u2019s Chile recibe el Premio \u00abEducar para el Futuro\u00bb"},"content":{"rendered":"<p data-path-to-node=\"6\"><b data-path-to-node=\"6\" data-index-in-node=\"0\">McDonald\u2019s Chile<\/b>, operado por <b data-path-to-node=\"6\" data-index-in-node=\"30\">Arcos Dorados<\/b>, ha sido distinguido con el <b data-path-to-node=\"6\" data-index-in-node=\"72\">Premio \u00abEducar para el Futuro\u00bb<\/b>. Este galard\u00f3n reconoce la trayectoria de la compa\u00f1\u00eda en el fomento de la educaci\u00f3n t\u00e9cnica y la empleabilidad juvenil en el pa\u00eds. En un contexto donde la brecha de habilidades es un desaf\u00edo cr\u00edtico para la industria, la empresa ha logrado integrar el aprendizaje continuo en su modelo operativo, transformando el entorno laboral en una plataforma de desarrollo de capital humano.<\/p>\n<h3 data-path-to-node=\"7\"><b data-path-to-node=\"7\" data-index-in-node=\"0\">Pilares del Modelo Educativo de Arcos Dorados<\/b><\/h3>\n<p>La estrategia de la compa\u00f1\u00eda para fortalecer las competencias de sus colaboradores se basa en tres ejes operativos:<\/p>\n<p data-path-to-node=\"9,0,0\"><b data-path-to-node=\"9,0,0\" data-index-in-node=\"0\">Formaci\u00f3n T\u00e9cnica Certificada:<\/b> Programas de capacitaci\u00f3n que otorgan certificaciones v\u00e1lidas en el mercado laboral, mejorando la competitividad de los j\u00f3venes en su primer empleo.<\/p>\n<p data-path-to-node=\"9,1,0\"><b data-path-to-node=\"9,1,0\" data-index-in-node=\"0\">Plataforma MCampus Community:<\/b> Acceso a una infraestructura digital de aprendizaje abierto que ofrece cursos de ciberseguridad, finanzas personales y habilidades blandas, disponibles tanto para empleados como para la comunidad externa.<\/p>\n<p data-path-to-node=\"9,2,0\"><b data-path-to-node=\"9,2,0\" data-index-in-node=\"0\">Alianzas Acad\u00e9micas:<\/b> Convenios con instituciones de educaci\u00f3n superior que permiten a los trabajadores compatibilizar sus estudios con el empleo, incentivando la finalizaci\u00f3n de carreras t\u00e9cnicas y profesionales.<\/p>\n<ul>\n<li data-path-to-node=\"10\"><b data-path-to-node=\"10\" data-index-in-node=\"0\">Impacto Estrat\u00e9gico en la Empleabilidad Juvenil<\/b><\/li>\n<li data-path-to-node=\"11\">Para el mercado chileno en 2026, estas iniciativas generan beneficios que trascienden la operaci\u00f3n interna:<\/li>\n<\/ul>\n<ol>\n<li data-path-to-node=\"12,0,0\"><b data-path-to-node=\"12,0,0\" data-index-in-node=\"0\">Reducci\u00f3n de la Brecha de Habilidades:<\/b> La formaci\u00f3n en est\u00e1ndares de calidad, seguridad alimentaria y gesti\u00f3n de equipos prepara a los j\u00f3venes para enfrentar entornos de alta exigencia.<\/li>\n<li data-path-to-node=\"12,1,0\"><b data-path-to-node=\"12,1,0\" data-index-in-node=\"0\">Movilidad Social:<\/b> La educaci\u00f3n subvencionada y las becas internas act\u00faan como catalizadores de ascenso social para miles de familias vinculadas a la compa\u00f1\u00eda.<\/li>\n<li data-path-to-node=\"12,2,0\"><b data-path-to-node=\"12,2,0\" data-index-in-node=\"0\">Cultura de Desempe\u00f1o:<\/b> La inversi\u00f3n en capacitaci\u00f3n se traduce en una mayor eficiencia operativa y una mejor experiencia de servicio, fortaleciendo el <i data-path-to-node=\"12,2,0\" data-index-in-node=\"150\">brand equity<\/i> institucional.<\/li>\n<\/ol>\n<ul>\n<li data-path-to-node=\"13\"><b data-path-to-node=\"13\" data-index-in-node=\"0\">Visi\u00f3n 2026: El Futuro del Trabajo y la Educaci\u00f3n<\/b><\/li>\n<li data-path-to-node=\"14\">El Premio \u00abEducar para el Futuro\u00bb subraya el rol de McDonald\u2019s Chile como un agente educativo no tradicional. La compa\u00f1\u00eda proyecta que la sostenibilidad del negocio depende directamente de la profesionalizaci\u00f3n de su fuerza laboral. De cara a los pr\u00f3ximos a\u00f1os, la prioridad ser\u00e1 la integraci\u00f3n de competencias digitales y tecnol\u00f3gicas en los planes de estudio de MCampus, asegurando que el talento joven est\u00e9 alineado con las demandas de la econom\u00eda digital global.<\/li>\n<li data-path-to-node=\"15\"><b data-path-to-node=\"15\" data-index-in-node=\"0\">Compromiso con el Desarrollo del Talento<\/b><\/li>\n<li data-path-to-node=\"16\">El galard\u00f3n obtenido por McDonald\u2019s Chile reafirma que la capacitaci\u00f3n es una inversi\u00f3n estrat\u00e9gica de alto retorno. Al situar la educaci\u00f3n en el centro de su agenda corporativa, Arcos Dorados no solo asegura la excelencia en su servicio, sino que contribuye activamente al desarrollo socioecon\u00f3mico de Chile, consolidando un legado de profesionalismo y oportunidad para las nuevas generaciones.<\/li>\n<\/ul>\n","protected":false},"excerpt":{"rendered":"<p>McDonald\u2019s Chile, operado por Arcos Dorados, ha sido distinguido con el Premio \u00abEducar para el Futuro\u00bb. Este galard\u00f3n reconoce la trayectoria de la compa\u00f1\u00eda en el fomento de la educaci\u00f3n t\u00e9cnica y la empleabilidad juvenil en el pa\u00eds. En un contexto donde la brecha de habilidades es un desaf\u00edo cr\u00edtico para la industria, la empresa [&hellip;]<\/p>\n","protected":false},"author":2,"featured_media":27797,"comment_status":"closed","ping_status":"open","sticky":false,"template":"","format":"standard","meta":[],"categories":[93,146,2],"tags":[9782,10632,10529,9707,15],"wppr_data":{"cwp_meta_box_check":"No"},"_links":{"self":[{"href":"https:\/\/www.notaoficial.com\/s\/wp-json\/wp\/v2\/posts\/27790"}],"collection":[{"href":"https:\/\/www.notaoficial.com\/s\/wp-json\/wp\/v2\/posts"}],"about":[{"href":"https:\/\/www.notaoficial.com\/s\/wp-json\/wp\/v2\/types\/post"}],"author":[{"embeddable":true,"href":"https:\/\/www.notaoficial.com\/s\/wp-json\/wp\/v2\/users\/2"}],"replies":[{"embeddable":true,"href":"https:\/\/www.notaoficial.com\/s\/wp-json\/wp\/v2\/comments?post=27790"}],"version-history":[{"count":1,"href":"https:\/\/www.notaoficial.com\/s\/wp-json\/wp\/v2\/posts\/27790\/revisions"}],"predecessor-version":[{"id":27798,"href":"https:\/\/www.notaoficial.com\/s\/wp-json\/wp\/v2\/posts\/27790\/revisions\/27798"}],"wp:featuredmedia":[{"embeddable":true,"href":"https:\/\/www.notaoficial.com\/s\/wp-json\/wp\/v2\/media\/27797"}],"wp:attachment":[{"href":"https:\/\/www.notaoficial.com\/s\/wp-json\/wp\/v2\/media?parent=27790"}],"wp:term":[{"taxonomy":"category","embeddable":true,"href":"https:\/\/www.notaoficial.com\/s\/wp-json\/wp\/v2\/categories?post=27790"},{"taxonomy":"post_tag","embeddable":true,"href":"https:\/\/www.notaoficial.com\/s\/wp-json\/wp\/v2\/tags?post=27790"}],"curies":[{"name":"wp","href":"https:\/\/api.w.org\/{rel}","templated":true}]}}