{"id":27795,"date":"2026-01-18T07:57:35","date_gmt":"2026-01-18T11:57:35","guid":{"rendered":"https:\/\/www.notaoficial.com\/s\/?p=27795"},"modified":"2026-01-24T08:06:37","modified_gmt":"2026-01-24T12:06:37","slug":"resultados-renault-group-tercer-ano-de-crecimiento-sostenido-y-liderazgo-en-electrificacion","status":"publish","type":"post","link":"https:\/\/www.notaoficial.com\/s\/2026\/01\/18\/resultados-renault-group-tercer-ano-de-crecimiento-sostenido-y-liderazgo-en-electrificacion\/","title":{"rendered":"Resultados Renault Group: Tercer A\u00f1o de Crecimiento Sostenido y Liderazgo en Electrificaci\u00f3n"},"content":{"rendered":"<p data-path-to-node=\"6\"><b data-path-to-node=\"6\" data-index-in-node=\"0\">Renault Group<\/b> ha confirmado el cierre de un ciclo de tres a\u00f1os consecutivos de crecimiento en sus indicadores de ventas globales. Este resultado es el reflejo de la ejecuci\u00f3n exitosa de su plan estrat\u00e9gico, que prioriza la rentabilidad y la presencia en mercados internacionales clave, especialmente en Am\u00e9rica Latina. La compa\u00f1\u00eda ha logrado equilibrar su volumen de ventas con una oferta de productos de mayor valor a\u00f1adido, consolidando su resiliencia en un entorno automotriz altamente competitivo.<\/p>\n<h3 data-path-to-node=\"7\"><b data-path-to-node=\"7\" data-index-in-node=\"0\">Pilares del Crecimiento en 2025-2026<\/b><\/h3>\n<p data-path-to-node=\"8\">La din\u00e1mica positiva del grupo se sustenta en tres vectores operativos fundamentales:<\/p>\n<ul>\n<li data-path-to-node=\"9,0,0\"><b data-path-to-node=\"9,0,0\" data-index-in-node=\"0\">Internacionalizaci\u00f3n:<\/b> El crecimiento fuera del mercado europeo ha sido determinante, con Renault ganando cuota de mercado en regiones emergentes gracias a modelos adaptados a las necesidades locales y arquitecturas globales.<\/li>\n<li data-path-to-node=\"9,1,0\"><b data-path-to-node=\"9,1,0\" data-index-in-node=\"0\">Ofensiva de Electrificaci\u00f3n:<\/b> Las marcas del grupo (Renault, Dacia y Alpine) han registrado un aumento significativo en la penetraci\u00f3n de veh\u00edculos h\u00edbridos y 100% el\u00e9ctricos, posicion\u00e1ndose como l\u00edderes en movilidad sostenible.<\/li>\n<li data-path-to-node=\"9,2,0\"><b data-path-to-node=\"9,2,0\" data-index-in-node=\"0\">Renovaci\u00f3n del Portafolio:<\/b> El lanzamiento de nuevos modelos en los segmentos C y D ha permitido mejorar el \u00abmix\u00bb de ventas, incrementando el margen operativo por unidad vendida.<\/li>\n<\/ul>\n<h3 data-path-to-node=\"10\"><b data-path-to-node=\"10\" data-index-in-node=\"0\">Innovaci\u00f3n y Sostenibilidad Industrial<\/b><\/h3>\n<p data-path-to-node=\"11\">Renault Group ha integrado la sostenibilidad como un motor de eficiencia t\u00e9cnica:<\/p>\n<ol>\n<li data-path-to-node=\"12,0,0\"><b data-path-to-node=\"12,0,0\" data-index-in-node=\"0\">Tecnolog\u00eda E-Tech:<\/b> El perfeccionamiento de sus sistemas h\u00edbridos ha permitido ofrecer una autonom\u00eda superior y menores emisiones, capturando la demanda de la transici\u00f3n energ\u00e9tica.<\/li>\n<li data-path-to-node=\"12,1,0\"><b data-path-to-node=\"12,1,0\" data-index-in-node=\"0\">Econom\u00eda Circular (The Future Is NEUTRAL):<\/b> La implementaci\u00f3n de procesos de reciclaje y reacondicionamiento de componentes ha optimizado los costes de producci\u00f3n y reducido la huella ambiental.<\/li>\n<li data-path-to-node=\"12,2,0\"><b data-path-to-node=\"12,2,0\" data-index-in-node=\"0\">Digitalizaci\u00f3n de la Cadena de Suministro:<\/b> El uso de datos avanzados ha mejorado la log\u00edstica global, asegurando una respuesta \u00e1gil ante las fluctuaciones de la demanda internacional.<\/li>\n<\/ol>\n<h3 data-path-to-node=\"13\"><b data-path-to-node=\"13\" data-index-in-node=\"0\">Proyecci\u00f3n Estrat\u00e9gica: Hacia la Movilidad del Futuro<\/b><\/h3>\n<p data-path-to-node=\"14\">De cara al pr\u00f3ximo periodo, Renault Group se enfoca en la consolidaci\u00f3n de sus marcas independientes pero sin\u00e9rgicas. La marca Renault continuar\u00e1 liderando el mercado masivo electrificado, mientras que Alpine se posiciona en el segmento premium de alto rendimiento. La estrategia internacional seguir\u00e1 centrada en mercados como Colombia, donde la marca mantiene una posici\u00f3n hist\u00f3rica de liderazgo, apalanc\u00e1ndose en la renovaci\u00f3n de sus SUVs y soluciones de movilidad urbana.<\/p>\n<h3 data-path-to-node=\"15\"><b data-path-to-node=\"15\" data-index-in-node=\"0\">Conclusi\u00f3n: Un Modelo de Negocio Resiliente<\/b><\/h3>\n<p data-path-to-node=\"16\">Los resultados de Renault Group demuestran la validez de su transformaci\u00f3n hacia una empresa tecnol\u00f3gica enfocada en la movilidad. Con tres a\u00f1os de crecimiento ininterrumpido, el grupo asegura su solvencia financiera y t\u00e9cnica, estableciendo una base s\u00f3lida para liderar la industria automotriz global en la era de la descarbonizaci\u00f3n.<\/p>\n","protected":false},"excerpt":{"rendered":"<p>Renault Group ha confirmado el cierre de un ciclo de tres a\u00f1os consecutivos de crecimiento en sus indicadores de ventas globales. Este resultado es el reflejo de la ejecuci\u00f3n exitosa de su plan estrat\u00e9gico, que prioriza la rentabilidad y la presencia en mercados internacionales clave, especialmente en Am\u00e9rica Latina. La compa\u00f1\u00eda ha logrado equilibrar su [&hellip;]<\/p>\n","protected":false},"author":2,"featured_media":27805,"comment_status":"closed","ping_status":"open","sticky":false,"template":"","format":"standard","meta":[],"categories":[93,146,2],"tags":[9782,10632,10529,9707,15],"wppr_data":{"cwp_meta_box_check":"No"},"_links":{"self":[{"href":"https:\/\/www.notaoficial.com\/s\/wp-json\/wp\/v2\/posts\/27795"}],"collection":[{"href":"https:\/\/www.notaoficial.com\/s\/wp-json\/wp\/v2\/posts"}],"about":[{"href":"https:\/\/www.notaoficial.com\/s\/wp-json\/wp\/v2\/types\/post"}],"author":[{"embeddable":true,"href":"https:\/\/www.notaoficial.com\/s\/wp-json\/wp\/v2\/users\/2"}],"replies":[{"embeddable":true,"href":"https:\/\/www.notaoficial.com\/s\/wp-json\/wp\/v2\/comments?post=27795"}],"version-history":[{"count":1,"href":"https:\/\/www.notaoficial.com\/s\/wp-json\/wp\/v2\/posts\/27795\/revisions"}],"predecessor-version":[{"id":27806,"href":"https:\/\/www.notaoficial.com\/s\/wp-json\/wp\/v2\/posts\/27795\/revisions\/27806"}],"wp:featuredmedia":[{"embeddable":true,"href":"https:\/\/www.notaoficial.com\/s\/wp-json\/wp\/v2\/media\/27805"}],"wp:attachment":[{"href":"https:\/\/www.notaoficial.com\/s\/wp-json\/wp\/v2\/media?parent=27795"}],"wp:term":[{"taxonomy":"category","embeddable":true,"href":"https:\/\/www.notaoficial.com\/s\/wp-json\/wp\/v2\/categories?post=27795"},{"taxonomy":"post_tag","embeddable":true,"href":"https:\/\/www.notaoficial.com\/s\/wp-json\/wp\/v2\/tags?post=27795"}],"curies":[{"name":"wp","href":"https:\/\/api.w.org\/{rel}","templated":true}]}}