{"id":27799,"date":"2026-01-18T07:59:14","date_gmt":"2026-01-18T11:59:14","guid":{"rendered":"https:\/\/www.notaoficial.com\/s\/?p=27799"},"modified":"2026-01-24T08:02:57","modified_gmt":"2026-01-24T12:02:57","slug":"responsabilidad-social-en-emergencias-entel-extiende-plan-de-conectividad-en-quellon-tome-y-penco","status":"publish","type":"post","link":"https:\/\/www.notaoficial.com\/s\/2026\/01\/18\/responsabilidad-social-en-emergencias-entel-extiende-plan-de-conectividad-en-quellon-tome-y-penco\/","title":{"rendered":"Responsabilidad Social en Emergencias: Entel Extiende Plan de Conectividad en Quell\u00f3n, Tom\u00e9 y Penco"},"content":{"rendered":"<p data-path-to-node=\"6\"><b data-path-to-node=\"6\" data-index-in-node=\"0\">Entel<\/b> ha formalizado la extensi\u00f3n de su <b data-path-to-node=\"6\" data-index-in-node=\"40\">Plan de Conectividad Primera Respuesta<\/b> en las comunas de <b data-path-to-node=\"6\" data-index-in-node=\"97\">Quell\u00f3n, Tom\u00e9 y Penco<\/b>. Esta medida estrat\u00e9gica busca mitigar el impacto de los incendios forestales garantizando que las comunidades afectadas y los equipos de emergencia mantengan canales de comunicaci\u00f3n activos. En situaciones de cat\u00e1strofe, la estabilidad de las telecomunicaciones es un activo cr\u00edtico para la coordinaci\u00f3n de servicios de salud, seguridad y rescate.<\/p>\n<h3 data-path-to-node=\"7\"><b data-path-to-node=\"7\" data-index-in-node=\"0\">Alcance del Plan de Conectividad de Emergencia<\/b><\/h3>\n<p data-path-to-node=\"8\">La iniciativa de Entel contempla medidas t\u00e9cnicas y comerciales para asegurar el acceso a la red sin interrupciones:<\/p>\n<ul>\n<li data-path-to-node=\"9,0,0\"><b data-path-to-node=\"9,0,0\" data-index-in-node=\"0\">Suspensi\u00f3n de Cortes por Mora:<\/b> Se aplaza la interrupci\u00f3n de servicios por facturas impagas en las zonas declaradas en emergencia, asegurando la comunicaci\u00f3n ininterrumpida de los clientes.<\/li>\n<li data-path-to-node=\"9,1,0\"><b data-path-to-node=\"9,1,0\" data-index-in-node=\"0\">Bolsas de Datos y Minutos:<\/b> Activaci\u00f3n de paquetes de servicios gratuitos para usuarios de prepago y planes controlados, permitiendo el contacto con familiares y servicios de asistencia.<\/li>\n<li data-path-to-node=\"9,2,0\"><b data-path-to-node=\"9,2,0\" data-index-in-node=\"0\">Priorizaci\u00f3n de Red para Organismos de Socorro:<\/b> Refuerzo de la estabilidad de la se\u00f1al en puntos estrat\u00e9gicos de comando y control utilizados por Bomberos, CONAF y servicios de salud.<\/li>\n<\/ul>\n<h3 data-path-to-node=\"10\"><b data-path-to-node=\"10\" data-index-in-node=\"0\">Impacto Estrat\u00e9gico en la Resiliencia Comunitaria<\/b><\/h3>\n<p data-path-to-node=\"11\">Para el a\u00f1o 2026, la resiliencia de las infraestructuras digitales se ha vuelto un pilar de la responsabilidad social corporativa (RSC) en el sector de las telecomunicaciones:<\/p>\n<ol>\n<li data-path-to-node=\"12,0,0\"><b data-path-to-node=\"12,0,0\" data-index-in-node=\"0\">Facilitaci\u00f3n de la Ayuda Humanitaria:<\/b> La conectividad permite la actualizaci\u00f3n en tiempo real de los catastros de da\u00f1os y la canalizaci\u00f3n eficiente de suministros.<\/li>\n<li data-path-to-node=\"12,1,0\"><b data-path-to-node=\"12,1,0\" data-index-in-node=\"0\">Seguridad P\u00fablica:<\/b> Mantener las redes activas reduce la incertidumbre en la poblaci\u00f3n y facilita la difusi\u00f3n de alertas tempranas y protocolos de evacuaci\u00f3n.<\/li>\n<li data-path-to-node=\"12,2,0\"><b data-path-to-node=\"12,2,0\" data-index-in-node=\"0\">Compromiso Institucional:<\/b> Esta acci\u00f3n refuerza el v\u00ednculo de Entel con el territorio, demostrando una capacidad de respuesta \u00e1gil ante desastres naturales de gran escala.<\/li>\n<\/ol>\n<h3 data-path-to-node=\"13\"><b data-path-to-node=\"13\" data-index-in-node=\"0\">Visi\u00f3n de Infraestructura Cr\u00edtica en Escenarios de Cambio Clim\u00e1tico<\/b><\/h3>\n<p data-path-to-node=\"14\">La recurrencia de incendios forestales exige que las empresas de telecomunicaciones evolucionen hacia sistemas m\u00e1s robustos. Entel integra estas acciones de emergencia dentro de una visi\u00f3n a largo plazo donde la tecnolog\u00eda 5G y la conectividad satelital juegan un papel fundamental en la prevenci\u00f3n y respuesta ante desastres. La extensi\u00f3n del plan en Quell\u00f3n, Tom\u00e9 y Penco subraya la necesidad de una colaboraci\u00f3n p\u00fablico-privada constante para proteger la integridad de las comunicaciones nacionales.<\/p>\n<h3 data-path-to-node=\"15\"><b data-path-to-node=\"15\" data-index-in-node=\"0\">Comunicaci\u00f3n como Servicio Esencial<\/b><\/h3>\n<p data-path-to-node=\"16\">La decisi\u00f3n de Entel de extender el apoyo en las zonas afectadas reafirma que el acceso a la red es un servicio b\u00e1sico de car\u00e1cter humanitario durante las crisis. Al priorizar la conectividad por encima de la m\u00e9trica comercial inmediata, la compa\u00f1\u00eda contribuye directamente a la recuperaci\u00f3n de las comunidades y al \u00e9xito de las labores de primera respuesta.<\/p>\n","protected":false},"excerpt":{"rendered":"<p>Entel ha formalizado la extensi\u00f3n de su Plan de Conectividad Primera Respuesta en las comunas de Quell\u00f3n, Tom\u00e9 y Penco. Esta medida estrat\u00e9gica busca mitigar el impacto de los incendios forestales garantizando que las comunidades afectadas y los equipos de emergencia mantengan canales de comunicaci\u00f3n activos. En situaciones de cat\u00e1strofe, la estabilidad de las telecomunicaciones [&hellip;]<\/p>\n","protected":false},"author":2,"featured_media":27801,"comment_status":"closed","ping_status":"open","sticky":false,"template":"","format":"standard","meta":[],"categories":[93,146,2],"tags":[9782,10632,10529,9707,15],"wppr_data":{"cwp_meta_box_check":"No"},"_links":{"self":[{"href":"https:\/\/www.notaoficial.com\/s\/wp-json\/wp\/v2\/posts\/27799"}],"collection":[{"href":"https:\/\/www.notaoficial.com\/s\/wp-json\/wp\/v2\/posts"}],"about":[{"href":"https:\/\/www.notaoficial.com\/s\/wp-json\/wp\/v2\/types\/post"}],"author":[{"embeddable":true,"href":"https:\/\/www.notaoficial.com\/s\/wp-json\/wp\/v2\/users\/2"}],"replies":[{"embeddable":true,"href":"https:\/\/www.notaoficial.com\/s\/wp-json\/wp\/v2\/comments?post=27799"}],"version-history":[{"count":2,"href":"https:\/\/www.notaoficial.com\/s\/wp-json\/wp\/v2\/posts\/27799\/revisions"}],"predecessor-version":[{"id":27804,"href":"https:\/\/www.notaoficial.com\/s\/wp-json\/wp\/v2\/posts\/27799\/revisions\/27804"}],"wp:featuredmedia":[{"embeddable":true,"href":"https:\/\/www.notaoficial.com\/s\/wp-json\/wp\/v2\/media\/27801"}],"wp:attachment":[{"href":"https:\/\/www.notaoficial.com\/s\/wp-json\/wp\/v2\/media?parent=27799"}],"wp:term":[{"taxonomy":"category","embeddable":true,"href":"https:\/\/www.notaoficial.com\/s\/wp-json\/wp\/v2\/categories?post=27799"},{"taxonomy":"post_tag","embeddable":true,"href":"https:\/\/www.notaoficial.com\/s\/wp-json\/wp\/v2\/tags?post=27799"}],"curies":[{"name":"wp","href":"https:\/\/api.w.org\/{rel}","templated":true}]}}