{"id":27818,"date":"2026-01-20T08:14:07","date_gmt":"2026-01-20T12:14:07","guid":{"rendered":"https:\/\/www.notaoficial.com\/s\/?p=27818"},"modified":"2026-01-24T08:22:43","modified_gmt":"2026-01-24T12:22:43","slug":"liderazgo-en-electromovilidad-nissan-leaf-es-elegido-mejor-auto-compacto-en-los-womens-worldwide-car-of-the-year","status":"publish","type":"post","link":"https:\/\/www.notaoficial.com\/s\/2026\/01\/20\/liderazgo-en-electromovilidad-nissan-leaf-es-elegido-mejor-auto-compacto-en-los-womens-worldwide-car-of-the-year\/","title":{"rendered":"Liderazgo en Electromovilidad: Nissan LEAF es Elegido Mejor Auto Compacto en los Women&#8217;s Worldwide Car of the Year"},"content":{"rendered":"<p>Por Eduardo Travieso Itriago<\/p>\n<p data-path-to-node=\"6\">El <b data-path-to-node=\"6\" data-index-in-node=\"3\">Nissan LEAF<\/b> ha sido distinguido como el <b data-path-to-node=\"6\" data-index-in-node=\"43\">Mejor Auto Compacto<\/b> por el jurado de los <b data-path-to-node=\"6\" data-index-in-node=\"84\">Women&#8217;s Worldwide Car of the Year (WWCOTY)<\/b>. Este premio, otorgado por un panel de expertas en comunicaci\u00f3n automotriz de todo el mundo, subraya la madurez del modelo como una soluci\u00f3n de movilidad sostenible. El galard\u00f3n no solo celebra el dise\u00f1o y la funcionalidad del veh\u00edculo, sino que valida la trayectoria de Nissan como pionero en la producci\u00f3n masiva de veh\u00edculos 100% el\u00e9ctricos.<\/p>\n<h3 data-path-to-node=\"7\"><b data-path-to-node=\"7\" data-index-in-node=\"0\">Atributos T\u00e9cnicos Premiados<\/b><\/h3>\n<p data-path-to-node=\"8\">El jurado evalu\u00f3 criterios fundamentales que posicionan al LEAF por encima de sus competidores en el segmento compacto:<\/p>\n<ul>\n<li data-path-to-node=\"9,0,0\"><b data-path-to-node=\"9,0,0\" data-index-in-node=\"0\">Eficiencia del Tren Motriz:<\/b> La tecnolog\u00eda e-Pedal y la gesti\u00f3n avanzada de la bater\u00eda permiten una conducci\u00f3n intuitiva y optimizada, ideal tanto para entornos urbanos como interurbanos.<\/li>\n<li data-path-to-node=\"9,1,0\"><b data-path-to-node=\"9,1,0\" data-index-in-node=\"0\">Seguridad Activa (Nissan Intelligent Mobility):<\/b> La integraci\u00f3n de sistemas de asistencia al conductor, como el frenado de emergencia y el monitor inteligente de visi\u00f3n perif\u00e9rica, garantiza est\u00e1ndares de protecci\u00f3n de \u00e9lite.<\/li>\n<li data-path-to-node=\"9,2,0\"><b data-path-to-node=\"9,2,0\" data-index-in-node=\"0\">Sostenibilidad y Ciclo de Vida:<\/b> El uso de materiales reciclados en su fabricaci\u00f3n y la eficiencia energ\u00e9tica del veh\u00edculo responden a las exigencias de los consumidores m\u00e1s conscientes del impacto ambiental en 2026.<\/li>\n<\/ul>\n<h3 data-path-to-node=\"10\"><b data-path-to-node=\"10\" data-index-in-node=\"0\">Impacto Estrat\u00e9gico en el Mercado Latinoamericano<\/b><\/h3>\n<p data-path-to-node=\"11\">Para Nissan, este reconocimiento refuerza su posici\u00f3n competitiva en regiones clave como Am\u00e9rica Latina:<\/p>\n<ol>\n<li data-path-to-node=\"12,0,0\"><b data-path-to-node=\"12,0,0\" data-index-in-node=\"0\">Consolidaci\u00f3n de Marca:<\/b> El premio act\u00faa como un sello de calidad que influye en la decisi\u00f3n de compra de un segmento demogr\u00e1fico cada vez m\u00e1s decisivo y tecnol\u00f3gicamente informado.<\/li>\n<li data-path-to-node=\"12,1,0\"><b data-path-to-node=\"12,1,0\" data-index-in-node=\"0\">Referente de Fiabilidad:<\/b> Con m\u00e1s de una d\u00e9cada en el mercado, el LEAF demuestra que la transici\u00f3n el\u00e9ctrica puede ser confiable, segura y accesible para el uso diario.<\/li>\n<li data-path-to-node=\"12,2,0\"><b data-path-to-node=\"12,2,0\" data-index-in-node=\"0\">Impulso a la Infraestructura:<\/b> El \u00e9xito continuo del modelo incentiva la inversi\u00f3n en redes de carga locales, fortaleciendo el ecosistema de electromovilidad en la regi\u00f3n.<\/li>\n<\/ol>\n<h3 data-path-to-node=\"13\"><b data-path-to-node=\"13\" data-index-in-node=\"0\">Visi\u00f3n 2026: El Futuro de los Compactos El\u00e9ctricos<\/b><\/h3>\n<p data-path-to-node=\"14\">El triunfo del Nissan LEAF en los WWCOTY refleja una tendencia clara: el veh\u00edculo compacto del futuro debe ser el\u00e9ctrico, inteligente y conectado. Nissan contin\u00faa evolucionando su arquitectura de bater\u00edas y conectividad para asegurar que el LEAF siga siendo el est\u00e1ndar de referencia. La marca proyecta que la democratizaci\u00f3n de la movilidad el\u00e9ctrica depende de productos que combinen rendimiento t\u00e9cnico con una experiencia de usuario excepcional, pilares que han sido ratificados por este jurado internacional.<\/p>\n<h3 data-path-to-node=\"15\"><b data-path-to-node=\"15\" data-index-in-node=\"0\">Conclusi\u00f3n: Excelencia Reconocida en la Era El\u00e9ctrica<\/b><\/h3>\n<p data-path-to-node=\"16\">El nombramiento del Nissan LEAF como mejor compacto mundial es un testimonio de la visi\u00f3n de largo plazo de la compa\u00f1\u00eda. Al recibir este aval de un jurado global especializado, Nissan reafirma su capacidad para dise\u00f1ar veh\u00edculos que no solo cumplen con los objetivos de descarbonizaci\u00f3n, sino que superan las expectativas de confort y seguridad del mercado contempor\u00e1neo.<\/p>\n<p data-path-to-node=\"16\">Por Eduardo Travieso Itriago<\/p>\n","protected":false},"excerpt":{"rendered":"<p>Por Eduardo Travieso Itriago El Nissan LEAF ha sido distinguido como el Mejor Auto Compacto por el jurado de los Women&#8217;s Worldwide Car of the Year (WWCOTY). Este premio, otorgado por un panel de expertas en comunicaci\u00f3n automotriz de todo el mundo, subraya la madurez del modelo como una soluci\u00f3n de movilidad sostenible. El galard\u00f3n [&hellip;]<\/p>\n","protected":false},"author":2,"featured_media":27824,"comment_status":"closed","ping_status":"open","sticky":false,"template":"","format":"standard","meta":[],"categories":[93,146,2],"tags":[9782,10632,10529,9707,15],"wppr_data":{"cwp_meta_box_check":"No"},"_links":{"self":[{"href":"https:\/\/www.notaoficial.com\/s\/wp-json\/wp\/v2\/posts\/27818"}],"collection":[{"href":"https:\/\/www.notaoficial.com\/s\/wp-json\/wp\/v2\/posts"}],"about":[{"href":"https:\/\/www.notaoficial.com\/s\/wp-json\/wp\/v2\/types\/post"}],"author":[{"embeddable":true,"href":"https:\/\/www.notaoficial.com\/s\/wp-json\/wp\/v2\/users\/2"}],"replies":[{"embeddable":true,"href":"https:\/\/www.notaoficial.com\/s\/wp-json\/wp\/v2\/comments?post=27818"}],"version-history":[{"count":1,"href":"https:\/\/www.notaoficial.com\/s\/wp-json\/wp\/v2\/posts\/27818\/revisions"}],"predecessor-version":[{"id":27825,"href":"https:\/\/www.notaoficial.com\/s\/wp-json\/wp\/v2\/posts\/27818\/revisions\/27825"}],"wp:featuredmedia":[{"embeddable":true,"href":"https:\/\/www.notaoficial.com\/s\/wp-json\/wp\/v2\/media\/27824"}],"wp:attachment":[{"href":"https:\/\/www.notaoficial.com\/s\/wp-json\/wp\/v2\/media?parent=27818"}],"wp:term":[{"taxonomy":"category","embeddable":true,"href":"https:\/\/www.notaoficial.com\/s\/wp-json\/wp\/v2\/categories?post=27818"},{"taxonomy":"post_tag","embeddable":true,"href":"https:\/\/www.notaoficial.com\/s\/wp-json\/wp\/v2\/tags?post=27818"}],"curies":[{"name":"wp","href":"https:\/\/api.w.org\/{rel}","templated":true}]}}