{"id":27827,"date":"2026-01-21T08:23:44","date_gmt":"2026-01-21T12:23:44","guid":{"rendered":"https:\/\/www.notaoficial.com\/s\/?p=27827"},"modified":"2026-01-24T08:26:50","modified_gmt":"2026-01-24T12:26:50","slug":"ley-quantum-el-eje-de-la-soberania-tecnologica-y-la-seguridad-en-la-estrategia-europea","status":"publish","type":"post","link":"https:\/\/www.notaoficial.com\/s\/2026\/01\/21\/ley-quantum-el-eje-de-la-soberania-tecnologica-y-la-seguridad-en-la-estrategia-europea\/","title":{"rendered":"Ley Quantum: El Eje de la Soberan\u00eda Tecnol\u00f3gica y la Seguridad en la Estrategia Europea"},"content":{"rendered":"<p data-path-to-node=\"6\"><b data-path-to-node=\"6\" data-index-in-node=\"0\">Telef\u00f3nica<\/b> destaca la relevancia del <b data-path-to-node=\"6\" data-index-in-node=\"37\">Quantum Act<\/b> como un instrumento normativo y de inversi\u00f3n fundamental para evitar que Europa quede rezagada en la pr\u00f3xima gran revoluci\u00f3n tecnol\u00f3gica. La computaci\u00f3n cu\u00e1ntica no representa solo una mejora incremental en la capacidad de procesamiento; supone un cambio de paradigma que afectar\u00e1 desde el descubrimiento de nuevos materiales hasta la seguridad nacional. Para el operador, esta ley es la base para construir un ecosistema digital resiliente y aut\u00f3nomo.<\/p>\n<h3 data-path-to-node=\"7\"><b data-path-to-node=\"7\" data-index-in-node=\"0\">Pilares de la Transformaci\u00f3n bajo el Quantum Act<\/b><\/h3>\n<p data-path-to-node=\"8\">La visi\u00f3n de Telef\u00f3nica identifica tres \u00e1reas cr\u00edticas donde la regulaci\u00f3n y el fomento tecnol\u00f3gico generar\u00e1n un impacto disruptivo:<\/p>\n<ul>\n<li data-path-to-node=\"9,0,0\"><b data-path-to-node=\"9,0,0\" data-index-in-node=\"0\">Ciberseguridad Post-Cu\u00e1ntica (PQC):<\/b> El desarrollo de algoritmos de cifrado capaces de resistir ataques de ordenadores cu\u00e1nticos, garantizando la integridad de las comunicaciones gubernamentales y corporativas frente a futuras amenazas.<\/li>\n<li data-path-to-node=\"9,1,0\"><b data-path-to-node=\"9,1,0\" data-index-in-node=\"0\">Infraestructura de Red Cu\u00e1ntica:<\/b> La creaci\u00f3n de redes de comunicaci\u00f3n cu\u00e1ntica (QKD &#8211; Distribuci\u00f3n de Claves Cu\u00e1nticas) que permitan la transmisi\u00f3n de datos con niveles de seguridad f\u00edsicamente inviolables.<\/li>\n<li data-path-to-node=\"9,2,0\"><b data-path-to-node=\"9,2,0\" data-index-in-node=\"0\">Autonom\u00eda Industrial:<\/b> El impulso a la fabricaci\u00f3n de hardware cu\u00e1ntico dentro del territorio europeo para reducir la dependencia de proveedores externos en tecnolog\u00edas cr\u00edticas.<\/li>\n<\/ul>\n<h3 data-path-to-node=\"10\"><b data-path-to-node=\"10\" data-index-in-node=\"0\">El Rol de las Telecomunicaciones en la Era Cu\u00e1ntica<\/b><\/h3>\n<p data-path-to-node=\"11\">Telef\u00f3nica se posiciona como un facilitador clave para la implementaci\u00f3n de estos avances en el mercado real:<\/p>\n<ol>\n<li data-path-to-node=\"12,0,0\"><b data-path-to-node=\"12,0,0\" data-index-in-node=\"0\">Integraci\u00f3n en la Nube:<\/b> Facilitar el acceso a capacidades de computaci\u00f3n cu\u00e1ntica a trav\u00e9s de infraestructuras de <i data-path-to-node=\"12,0,0\" data-index-in-node=\"114\">cloud computing<\/i> para empresas y centros de investigaci\u00f3n.<\/li>\n<li data-path-to-node=\"12,1,0\"><b data-path-to-node=\"12,1,0\" data-index-in-node=\"0\">Liderazgo en Estandarizaci\u00f3n:<\/b> Participaci\u00f3n activa en organismos internacionales para definir los protocolos t\u00e9cnicos que regir\u00e1n las redes del futuro.<\/li>\n<li data-path-to-node=\"12,2,0\"><b data-path-to-node=\"12,2,0\" data-index-in-node=\"0\">Fomento del Talento:<\/b> Colaboraci\u00f3n con instituciones acad\u00e9micas para cubrir la creciente demanda de profesionales especializados en ingenier\u00eda cu\u00e1ntica y criptograf\u00eda.<\/li>\n<\/ol>\n<h3 data-path-to-node=\"13\"><b data-path-to-node=\"13\" data-index-in-node=\"0\">Visi\u00f3n 2026: Seguridad y Competitividad<\/b><\/h3>\n<p data-path-to-node=\"14\">Para el a\u00f1o 2026, la implementaci\u00f3n del Quantum Act debe traducirse en ventajas competitivas tangibles para la econom\u00eda europea. Telef\u00f3nica proyecta que la soberan\u00eda digital del continente depende de su capacidad para liderar aplicaciones cu\u00e1nticas en sectores estrat\u00e9gicos como la log\u00edstica, las finanzas y la energ\u00eda. La compa\u00f1\u00eda enfatiza que la inversi\u00f3n p\u00fablica y privada debe alinearse para crear un mercado \u00fanico cu\u00e1ntico que sea atractivo para el capital global.<\/p>\n<p data-path-to-node=\"16\">El an\u00e1lisis de Telef\u00f3nica sobre el Quantum Act subraya que la tecnolog\u00eda cu\u00e1ntica es el nuevo tablero de la geopol\u00edtica digital. Al liderar la conversaci\u00f3n sobre seguridad y crecimiento, la operadora reafirma su compromiso con una Europa tecnol\u00f3gicamente avanzada, segura y competitiva, capaz de proteger sus datos y liderar la innovaci\u00f3n global en la pr\u00f3xima d\u00e9cada.<\/p>\n","protected":false},"excerpt":{"rendered":"<p>Telef\u00f3nica destaca la relevancia del Quantum Act como un instrumento normativo y de inversi\u00f3n fundamental para evitar que Europa quede rezagada en la pr\u00f3xima gran revoluci\u00f3n tecnol\u00f3gica. La computaci\u00f3n cu\u00e1ntica no representa solo una mejora incremental en la capacidad de procesamiento; supone un cambio de paradigma que afectar\u00e1 desde el descubrimiento de nuevos materiales hasta [&hellip;]<\/p>\n","protected":false},"author":2,"featured_media":27831,"comment_status":"closed","ping_status":"open","sticky":false,"template":"","format":"standard","meta":[],"categories":[93,146,2],"tags":[9782,10632,10529,9707,15],"wppr_data":{"cwp_meta_box_check":"No"},"_links":{"self":[{"href":"https:\/\/www.notaoficial.com\/s\/wp-json\/wp\/v2\/posts\/27827"}],"collection":[{"href":"https:\/\/www.notaoficial.com\/s\/wp-json\/wp\/v2\/posts"}],"about":[{"href":"https:\/\/www.notaoficial.com\/s\/wp-json\/wp\/v2\/types\/post"}],"author":[{"embeddable":true,"href":"https:\/\/www.notaoficial.com\/s\/wp-json\/wp\/v2\/users\/2"}],"replies":[{"embeddable":true,"href":"https:\/\/www.notaoficial.com\/s\/wp-json\/wp\/v2\/comments?post=27827"}],"version-history":[{"count":1,"href":"https:\/\/www.notaoficial.com\/s\/wp-json\/wp\/v2\/posts\/27827\/revisions"}],"predecessor-version":[{"id":27832,"href":"https:\/\/www.notaoficial.com\/s\/wp-json\/wp\/v2\/posts\/27827\/revisions\/27832"}],"wp:featuredmedia":[{"embeddable":true,"href":"https:\/\/www.notaoficial.com\/s\/wp-json\/wp\/v2\/media\/27831"}],"wp:attachment":[{"href":"https:\/\/www.notaoficial.com\/s\/wp-json\/wp\/v2\/media?parent=27827"}],"wp:term":[{"taxonomy":"category","embeddable":true,"href":"https:\/\/www.notaoficial.com\/s\/wp-json\/wp\/v2\/categories?post=27827"},{"taxonomy":"post_tag","embeddable":true,"href":"https:\/\/www.notaoficial.com\/s\/wp-json\/wp\/v2\/tags?post=27827"}],"curies":[{"name":"wp","href":"https:\/\/api.w.org\/{rel}","templated":true}]}}