{"id":27835,"date":"2026-01-22T08:29:49","date_gmt":"2026-01-22T12:29:49","guid":{"rendered":"https:\/\/www.notaoficial.com\/s\/?p=27835"},"modified":"2026-01-24T08:33:55","modified_gmt":"2026-01-24T12:33:55","slug":"liderazgo-tecnologico-claro-colombia-consolida-el-despliegue-de-la-red-5g-mas-extensa-del-pais","status":"publish","type":"post","link":"https:\/\/www.notaoficial.com\/s\/2026\/01\/22\/liderazgo-tecnologico-claro-colombia-consolida-el-despliegue-de-la-red-5g-mas-extensa-del-pais\/","title":{"rendered":"Liderazgo Tecnol\u00f3gico: Claro Colombia Consolida el Despliegue de la Red 5G m\u00e1s Extensa del Pa\u00eds"},"content":{"rendered":"<p>Por Eduardo Travieso Itriago<\/p>\n<p data-path-to-node=\"6\"><b data-path-to-node=\"6\" data-index-in-node=\"0\">Claro Colombia<\/b> ha reafirmado su posici\u00f3n como el operador l\u00edder en la implementaci\u00f3n de la tecnolog\u00eda <b data-path-to-node=\"6\" data-index-in-node=\"102\">5G<\/b>, logrando la cobertura m\u00e1s amplia del territorio nacional. Esta inversi\u00f3n estrat\u00e9gica no solo mejora la velocidad de navegaci\u00f3n m\u00f3vil, sino que establece la base para una econom\u00eda digital m\u00e1s robusta. Al reducir dr\u00e1sticamente la latencia y aumentar la capacidad de dispositivos conectados simult\u00e1neamente, Claro facilita la transici\u00f3n hacia ciudades inteligentes y entornos industriales automatizados.<\/p>\n<h3 data-path-to-node=\"7\"><b data-path-to-node=\"7\" data-index-in-node=\"0\">Pilares de la Estrategia 5G de Claro<\/b><\/h3>\n<p data-path-to-node=\"8\">La hoja de ruta tecnol\u00f3gica de la compa\u00f1\u00eda se fundamenta en tres vectores operativos cr\u00edticos:<\/p>\n<ul>\n<li data-path-to-node=\"9,0,0\"><b data-path-to-node=\"9,0,0\" data-index-in-node=\"0\">Conectividad de Ultra Alta Velocidad:<\/b> Tasas de transferencia de datos significativamente superiores a la red 4G, optimizando el consumo de video en alta definici\u00f3n, servicios de nube y telemedicina.<\/li>\n<li data-path-to-node=\"9,1,0\"><b data-path-to-node=\"9,1,0\" data-index-in-node=\"0\">Baja Latencia para Procesos Cr\u00edticos:<\/b> Respuesta de red casi instant\u00e1nea, factor determinante para el desarrollo de veh\u00edculos aut\u00f3nomos, operaciones remotas y el sector de <i data-path-to-node=\"9,1,0\" data-index-in-node=\"171\">gaming<\/i> profesional.<\/li>\n<li data-path-to-node=\"9,2,0\"><b data-path-to-node=\"9,2,0\" data-index-in-node=\"0\">Capacidad de Conexi\u00f3n Masiva (IoT):<\/b> Infraestructura dise\u00f1ada para soportar miles de sensores por kil\u00f3metro cuadrado, impulsando la digitalizaci\u00f3n del sector agropecuario y la log\u00edstica urbana.<\/li>\n<\/ul>\n<h3 data-path-to-node=\"10\"><b data-path-to-node=\"10\" data-index-in-node=\"0\">Impacto en la Competitividad y Transformaci\u00f3n Digital<\/b><\/h3>\n<p data-path-to-node=\"11\">Para el mercado colombiano en 2026, el liderazgo 5G de Claro genera beneficios tangibles en el ecosistema productivo:<\/p>\n<ol>\n<li data-path-to-node=\"12,0,0\"><b data-path-to-node=\"12,0,0\" data-index-in-node=\"0\">Transformaci\u00f3n Empresarial:<\/b> Las compa\u00f1\u00edas pueden implementar soluciones de Big Data e Inteligencia Artificial en tiempo real, mejorando la toma de decisiones y la eficiencia operativa.<\/li>\n<li data-path-to-node=\"12,1,0\"><b data-path-to-node=\"12,1,0\" data-index-in-node=\"0\">Cierre de la Brecha Digital:<\/b> El despliegue continuo en centros urbanos y zonas de expansi\u00f3n fomenta la inclusi\u00f3n tecnol\u00f3gica y el acceso a educaci\u00f3n virtual de alta calidad.<\/li>\n<li data-path-to-node=\"12,2,0\"><b data-path-to-node=\"12,2,0\" data-index-in-node=\"0\">Atracci\u00f3n de Inversi\u00f3n Extranjera:<\/b> Una infraestructura de telecomunicaciones avanzada posiciona a Colombia como un destino atractivo para empresas tecnol\u00f3gicas globales que requieren redes de \u00faltima generaci\u00f3n.<\/li>\n<\/ol>\n<h3 data-path-to-node=\"13\"><b data-path-to-node=\"13\" data-index-in-node=\"0\">Visi\u00f3n 2026: Un Futuro Conectado e Inteligente<\/b><\/h3>\n<p data-path-to-node=\"14\">El compromiso institucional de Claro con el 5G subraya su rol como motor de desarrollo. La compa\u00f1\u00eda proyecta que esta tecnolog\u00eda ser\u00e1 el catalizador de una nueva era de productividad, donde la conectividad constante permitir\u00e1 el surgimiento de modelos de negocio disruptivos. La prioridad estrat\u00e9gica seguir\u00e1 siendo la expansi\u00f3n de la huella de cobertura y la optimizaci\u00f3n de la experiencia de usuario, asegurando que la red sea el soporte confiable de la vida digital en el pa\u00eds.<\/p>\n<h3 data-path-to-node=\"15\"><b data-path-to-node=\"15\" data-index-in-node=\"0\">Solidez en la Infraestructura Nacional<\/b><\/h3>\n<p data-path-to-node=\"16\">El liderazgo de Claro en la era 5G marca un hito en la historia de las comunicaciones en Colombia. Al proporcionar una red potente, segura y estable, la operadora garantiza que el pa\u00eds cuente con las herramientas necesarias para competir en el escenario global, consolidando un legado de innovaci\u00f3n y servicio al cliente.<\/p>\n<p>Por Eduardo Travieso Itriago<\/p>\n","protected":false},"excerpt":{"rendered":"<p>Por Eduardo Travieso Itriago Claro Colombia ha reafirmado su posici\u00f3n como el operador l\u00edder en la implementaci\u00f3n de la tecnolog\u00eda 5G, logrando la cobertura m\u00e1s amplia del territorio nacional. Esta inversi\u00f3n estrat\u00e9gica no solo mejora la velocidad de navegaci\u00f3n m\u00f3vil, sino que establece la base para una econom\u00eda digital m\u00e1s robusta. Al reducir dr\u00e1sticamente la [&hellip;]<\/p>\n","protected":false},"author":2,"featured_media":27838,"comment_status":"closed","ping_status":"open","sticky":false,"template":"","format":"standard","meta":[],"categories":[93,146,2],"tags":[10603,9782,10632,10529,9707,15],"wppr_data":{"cwp_meta_box_check":"No"},"_links":{"self":[{"href":"https:\/\/www.notaoficial.com\/s\/wp-json\/wp\/v2\/posts\/27835"}],"collection":[{"href":"https:\/\/www.notaoficial.com\/s\/wp-json\/wp\/v2\/posts"}],"about":[{"href":"https:\/\/www.notaoficial.com\/s\/wp-json\/wp\/v2\/types\/post"}],"author":[{"embeddable":true,"href":"https:\/\/www.notaoficial.com\/s\/wp-json\/wp\/v2\/users\/2"}],"replies":[{"embeddable":true,"href":"https:\/\/www.notaoficial.com\/s\/wp-json\/wp\/v2\/comments?post=27835"}],"version-history":[{"count":1,"href":"https:\/\/www.notaoficial.com\/s\/wp-json\/wp\/v2\/posts\/27835\/revisions"}],"predecessor-version":[{"id":27839,"href":"https:\/\/www.notaoficial.com\/s\/wp-json\/wp\/v2\/posts\/27835\/revisions\/27839"}],"wp:featuredmedia":[{"embeddable":true,"href":"https:\/\/www.notaoficial.com\/s\/wp-json\/wp\/v2\/media\/27838"}],"wp:attachment":[{"href":"https:\/\/www.notaoficial.com\/s\/wp-json\/wp\/v2\/media?parent=27835"}],"wp:term":[{"taxonomy":"category","embeddable":true,"href":"https:\/\/www.notaoficial.com\/s\/wp-json\/wp\/v2\/categories?post=27835"},{"taxonomy":"post_tag","embeddable":true,"href":"https:\/\/www.notaoficial.com\/s\/wp-json\/wp\/v2\/tags?post=27835"}],"curies":[{"name":"wp","href":"https:\/\/api.w.org\/{rel}","templated":true}]}}