{"id":27836,"date":"2026-01-22T08:29:52","date_gmt":"2026-01-22T12:29:52","guid":{"rendered":"https:\/\/www.notaoficial.com\/s\/?p=27836"},"modified":"2026-01-24T08:35:21","modified_gmt":"2026-01-24T12:35:21","slug":"reestructuracion-volkswagen-el-nuevo-modelo-de-gestion-del-brand-group-core-para-maximizar-la-eficiencia","status":"publish","type":"post","link":"https:\/\/www.notaoficial.com\/s\/2026\/01\/22\/reestructuracion-volkswagen-el-nuevo-modelo-de-gestion-del-brand-group-core-para-maximizar-la-eficiencia\/","title":{"rendered":"Reestructuraci\u00f3n Volkswagen: El Nuevo Modelo de Gesti\u00f3n del Brand Group Core para Maximizar la Eficiencia"},"content":{"rendered":"<p data-path-to-node=\"6\">El <b data-path-to-node=\"6\" data-index-in-node=\"3\">Grupo Volkswagen<\/b> ha establecido un nuevo modelo de direcci\u00f3n para su <b data-path-to-node=\"6\" data-index-in-node=\"72\">Brand Group Core<\/b> (que integra a Volkswagen, SEAT\/CUPRA, \u0160KODA y Volkswagen Veh\u00edculos Comerciales). Esta reestructuraci\u00f3n busca consolidar una gesti\u00f3n transversal que permita a las marcas colaborar de manera m\u00e1s estrecha, eliminando duplicidades y acelerando la toma de decisiones. El objetivo es claro: transformar la escala del grupo en una ventaja competitiva directa mediante la optimizaci\u00f3n de costes y el desarrollo compartido de tecnolog\u00edas.<\/p>\n<h3 data-path-to-node=\"7\"><b data-path-to-node=\"7\" data-index-in-node=\"0\">Pilares del Nuevo Modelo de Direcci\u00f3n<\/b><\/h3>\n<p data-path-to-node=\"8\">La nueva gobernanza se fundamenta en ejes de eficiencia dise\u00f1ados para el entorno automotriz de 2026:<\/p>\n<ul>\n<li data-path-to-node=\"9,0,0\"><b data-path-to-node=\"9,0,0\" data-index-in-node=\"0\">Desarrollo T\u00e9cnico Unificado:<\/b> Integraci\u00f3n de procesos de ingenier\u00eda para compartir plataformas y componentes de software, reduciendo el tiempo de llegada al mercado (<i data-path-to-node=\"9,0,0\" data-index-in-node=\"166\">time-to-market<\/i>) de nuevos modelos.<\/li>\n<li data-path-to-node=\"9,1,0\"><b data-path-to-node=\"9,1,0\" data-index-in-node=\"0\">Optimizaci\u00f3n de la Cadena de Suministro:<\/b> Gesti\u00f3n conjunta de compras y log\u00edstica para aprovechar el volumen de escala, mejorando los m\u00e1rgenes operativos de todas las marcas del grupo.<\/li>\n<li data-path-to-node=\"9,2,0\"><b data-path-to-node=\"9,2,0\" data-index-in-node=\"0\">Especializaci\u00f3n de Plantas:<\/b> Distribuci\u00f3n inteligente de la producci\u00f3n basada en familias de veh\u00edculos y arquitecturas, maximizando el uso de la capacidad instalada en las factor\u00edas europeas e internacionales.<\/li>\n<\/ul>\n<h3 data-path-to-node=\"10\"><b data-path-to-node=\"10\" data-index-in-node=\"0\">Impacto en el Portafolio y la Competitividad<\/b><\/h3>\n<p data-path-to-node=\"11\">Para Volkswagen, este modelo no solo reduce gastos, sino que eleva la calidad del producto final:<\/p>\n<ol>\n<li data-path-to-node=\"12,0,0\"><b data-path-to-node=\"12,0,0\" data-index-in-node=\"0\">Productos m\u00e1s Competitivos:<\/b> La reducci\u00f3n de costes fijos permite reinvertir recursos en innovaci\u00f3n, conectividad y sistemas de asistencia a la conducci\u00f3n de \u00faltima generaci\u00f3n.<\/li>\n<li data-path-to-node=\"12,1,0\"><b data-path-to-node=\"12,1,0\" data-index-in-node=\"0\">Agilidad en la Electrificaci\u00f3n:<\/b> La coordinaci\u00f3n centralizada facilita la transici\u00f3n hacia veh\u00edculos el\u00e9ctricos (EV), permitiendo que las marcas compartan los elevados costes de desarrollo de bater\u00edas y propulsi\u00f3n.<\/li>\n<li data-path-to-node=\"12,2,0\"><b data-path-to-node=\"12,2,0\" data-index-in-node=\"0\">Identidad de Marca Preservada:<\/b> A pesar de la colaboraci\u00f3n t\u00e9cnica, el modelo garantiza que cada marca mantenga su ADN de dise\u00f1o y posicionamiento de mercado diferenciado.<\/li>\n<\/ol>\n<h3 data-path-to-node=\"13\"><b data-path-to-node=\"13\" data-index-in-node=\"0\">Proyecci\u00f3n 2026: Rentabilidad Sostenible<\/b><\/h3>\n<p data-path-to-node=\"14\">La implementaci\u00f3n de esta direcci\u00f3n estrat\u00e9gica es un componente vital del programa de rendimiento del Grupo. Volkswagen proyecta que esta cohesi\u00f3n operativa permitir\u00e1 alcanzar objetivos de rentabilidad m\u00e1s ambiciosos frente a la presi\u00f3n de competidores globales. Al simplificar los procesos internos, el Brand Group Core se vuelve m\u00e1s \u00e1gil para responder a las fluctuaciones de la demanda y a los cambios en las normativas medioambientales.<\/p>\n<h3 data-path-to-node=\"15\"><b data-path-to-node=\"15\" data-index-in-node=\"0\">Una Estructura Preparada para el Futuro<\/b><\/h3>\n<p data-path-to-node=\"16\">El nuevo modelo de direcci\u00f3n del Brand Group Core marca una evoluci\u00f3n necesaria en la gesti\u00f3n de Volkswagen. Al priorizar la eficiencia y la colaboraci\u00f3n t\u00e9cnica, la compa\u00f1\u00eda asegura una base s\u00f3lida para ofrecer veh\u00edculos de alta tecnolog\u00eda y calidad superior, consolidando su liderazgo industrial en la nueva era de la movilidad.<\/p>\n","protected":false},"excerpt":{"rendered":"<p>El Grupo Volkswagen ha establecido un nuevo modelo de direcci\u00f3n para su Brand Group Core (que integra a Volkswagen, SEAT\/CUPRA, \u0160KODA y Volkswagen Veh\u00edculos Comerciales). Esta reestructuraci\u00f3n busca consolidar una gesti\u00f3n transversal que permita a las marcas colaborar de manera m\u00e1s estrecha, eliminando duplicidades y acelerando la toma de decisiones. El objetivo es claro: transformar [&hellip;]<\/p>\n","protected":false},"author":2,"featured_media":27840,"comment_status":"closed","ping_status":"open","sticky":false,"template":"","format":"standard","meta":[],"categories":[93,146,2],"tags":[9782,10632,10529,9707,15],"wppr_data":{"cwp_meta_box_check":"No"},"_links":{"self":[{"href":"https:\/\/www.notaoficial.com\/s\/wp-json\/wp\/v2\/posts\/27836"}],"collection":[{"href":"https:\/\/www.notaoficial.com\/s\/wp-json\/wp\/v2\/posts"}],"about":[{"href":"https:\/\/www.notaoficial.com\/s\/wp-json\/wp\/v2\/types\/post"}],"author":[{"embeddable":true,"href":"https:\/\/www.notaoficial.com\/s\/wp-json\/wp\/v2\/users\/2"}],"replies":[{"embeddable":true,"href":"https:\/\/www.notaoficial.com\/s\/wp-json\/wp\/v2\/comments?post=27836"}],"version-history":[{"count":1,"href":"https:\/\/www.notaoficial.com\/s\/wp-json\/wp\/v2\/posts\/27836\/revisions"}],"predecessor-version":[{"id":27841,"href":"https:\/\/www.notaoficial.com\/s\/wp-json\/wp\/v2\/posts\/27836\/revisions\/27841"}],"wp:featuredmedia":[{"embeddable":true,"href":"https:\/\/www.notaoficial.com\/s\/wp-json\/wp\/v2\/media\/27840"}],"wp:attachment":[{"href":"https:\/\/www.notaoficial.com\/s\/wp-json\/wp\/v2\/media?parent=27836"}],"wp:term":[{"taxonomy":"category","embeddable":true,"href":"https:\/\/www.notaoficial.com\/s\/wp-json\/wp\/v2\/categories?post=27836"},{"taxonomy":"post_tag","embeddable":true,"href":"https:\/\/www.notaoficial.com\/s\/wp-json\/wp\/v2\/tags?post=27836"}],"curies":[{"name":"wp","href":"https:\/\/api.w.org\/{rel}","templated":true}]}}