{"id":2800,"date":"2018-08-25T23:59:55","date_gmt":"2018-08-26T03:59:55","guid":{"rendered":"http:\/\/www.notaoficial.com\/s\/?p=2800"},"modified":"2018-08-25T22:17:59","modified_gmt":"2018-08-26T02:17:59","slug":"expande-tus-sentidos-en-el-margarita-yoga-fest","status":"publish","type":"post","link":"https:\/\/www.notaoficial.com\/s\/2018\/08\/25\/expande-tus-sentidos-en-el-margarita-yoga-fest\/","title":{"rendered":"Expande tus sentidos en el Margarita Yoga Fest"},"content":{"rendered":"<p>El pr\u00f3ximo 1 y 2 de septiembre, diferentes exponentes del Yoga en Venezuela se dar\u00e1n cita en la isla de Margarita para celebrar la primera edici\u00f3n del Margarita Yoga Fest. Una propuesta \u00fanica que traer\u00e1 lo mejor del Yoga en solo dos d\u00edas, para brindar a sus participantes, la oportunidad de vivir una experiencia cargada de emociones y sensaciones, en la cual puede participar toda la familia.<\/p>\n<p>Ray Viloria, creador de esta propuesta, es Profesor de la Asociaci\u00f3n Internacional de Yoga y Yoghismo ERYT200, Director de Yoga Oriente y del Diplomado de Yoga en S\u00edntesis Oriente, adem\u00e1s, es Coach Ontol\u00f3gico y Personal Trainer. Cuenta con una trayectoria de m\u00e1s de 10 a\u00f1os en el mundo de Yoga que le ha permitido especializarse en las siguientes modalidades: Hatha Kriya Yoga, Yoga Restaurativo, Practicante de Ashtanga Vinyasa Yoga, Meditador Vipassana, Raja Yoga.<\/p>\n<p>Explic\u00f3 Viloria que la idea del Margarita Yoga Fest surgi\u00f3 luego de una profunda meditaci\u00f3n, \u201cEl yoga es una metodolog\u00eda de bienestar integral, no solo en el aspecto f\u00edsico y la salud, sino tambi\u00e9n a nivel energ\u00e9tico y nos ayuda a mantener la calma en momentos de crisis. La vida es una ola con sus altos y bajos y el yoga es una herramienta que te ayuda a surfear la ola, a respirar y entender que todo pasa. En las pr\u00e1cticas se comparten conocimientos, experiencias y energ\u00eda, de esa manera todos nos nutrirnos\u201d.<\/p>\n<p>Toda la familia es bienvenida al Margarita Yoga Fest para celebrar la vida y las maravillas de esta disciplina. \u201cQueremos abrir las puertas y que las personas vean que el yoga no es solamente para mujeres, ni contorsionistas, ni para personas delgadas, que no es una religi\u00f3n. El Yoga es laico y abraza todas las creencias e ideolog\u00edas. Este ser\u00e1 un momento interesante para iniciarse como practicantes porque podr\u00e1n ver diferentes metodolog\u00edas al mismo tiempo y elegir la que m\u00e1s les interese. Si nunca has hecho yoga, eres bienvenido pues hay pr\u00e1ctica para principiantes, si eres practicante regular podr\u00e1s seguir aprendiendo y si eres m\u00e1s avanzado podr\u00e1s profundizar m\u00e1s\u201d.<\/p>\n<p>Margarita Yoga Fest estar\u00e1 el s\u00e1bado 1 de septiembre en el Hotel Unik de 6:30am a 7:30pm y el domingo 2 de septiembre en Waikiki- Playa Parguito de 7:30am a 11:30am. Agreg\u00f3 Ray Viloria que se hizo una interesante selecci\u00f3n de los m\u00e1s destacados profesores en diferentes metodolog\u00edas del yoga en todo el pa\u00eds, porque en Venezuela tenemos el talento, incluso para exportar. Entre los instructores que compartir\u00e1n sus pr\u00e1cticas con los participantes tendremos a: Ray Viloria (Raja Yoga), Lilibeth Estaba (Acroyoga), Edgardo Leal (Ashtanga Vinyasa), Haydee Figueredo (Power Vinyasa), Marbeliz Gonz\u00e1lez (Aero Yoga y Yoga para ni\u00f1os), Alejandro Coronil (transiciones y equilibrio sobre manos), Andrea Cuevas (Hatha Kriya Yoga), Keyla L\u00f3pez (Ayurveda), Siri Brahma Singh (Kundalini Yoga), Frank Ram\u00edrez (Anatom\u00eda y Fisiolog\u00eda en el Yoga), Carlos Pacheco (Sivananda).<\/p>\n<p>Adem\u00e1s contar\u00e1n con un espacio donde habr\u00e1 una feria comercial con productos relacionados al festival tales como ropa, bisuter\u00eda, comida entre otros. Cabe destacar que los ni\u00f1os tambi\u00e9n podr\u00e1n participar pues habr\u00e1 actividades l\u00fadicas y clases dirigidas a ellos. Ray Viloria agradeci\u00f3 a sus aliados comerciales Restaurant Waikiki y Hotel Unik sin los cuales este evento no hubiera sido posible. Finalmente agreg\u00f3 que apuntan a realizar pr\u00f3ximas ediciones de este evento tanto en la isla de Margarita como en otros estados del pa\u00eds.<\/p>\n<p>Los cupos del Margarita Yoga Fest son limitados. La preventa ser\u00e1 hasta el 15 de agosto con un importante descuento, y seguir\u00e1n las inscripciones hasta el d\u00eda del evento, los ni\u00f1os menores de 12 a\u00f1os tienen el 50% de descuento y los grupos de 10 personas una entrada gratis. Los interesados pueden llamar a los n\u00fameros 0414-167.81.01\/0414-814.69.53 o escribir al yogafestvzla@gmail.com Las redes sociales @yogaoriente y @rayviloriayoga<\/p>\n","protected":false},"excerpt":{"rendered":"<p>El pr\u00f3ximo 1 y 2 de septiembre, diferentes exponentes del Yoga en Venezuela se dar\u00e1n cita en la isla de Margarita para celebrar la primera edici\u00f3n del Margarita Yoga Fest. Una propuesta \u00fanica que traer\u00e1 lo mejor del Yoga en solo dos d\u00edas, para brindar a sus participantes, la oportunidad de vivir una experiencia cargada [&hellip;]<\/p>\n","protected":false},"author":2,"featured_media":2801,"comment_status":"closed","ping_status":"open","sticky":false,"template":"","format":"standard","meta":[],"categories":[463,2],"tags":[1966,1960,1958,1964,1965,1963,1961,1962,1957,15,1956,1959],"wppr_data":[],"_links":{"self":[{"href":"https:\/\/www.notaoficial.com\/s\/wp-json\/wp\/v2\/posts\/2800"}],"collection":[{"href":"https:\/\/www.notaoficial.com\/s\/wp-json\/wp\/v2\/posts"}],"about":[{"href":"https:\/\/www.notaoficial.com\/s\/wp-json\/wp\/v2\/types\/post"}],"author":[{"embeddable":true,"href":"https:\/\/www.notaoficial.com\/s\/wp-json\/wp\/v2\/users\/2"}],"replies":[{"embeddable":true,"href":"https:\/\/www.notaoficial.com\/s\/wp-json\/wp\/v2\/comments?post=2800"}],"version-history":[{"count":1,"href":"https:\/\/www.notaoficial.com\/s\/wp-json\/wp\/v2\/posts\/2800\/revisions"}],"predecessor-version":[{"id":2802,"href":"https:\/\/www.notaoficial.com\/s\/wp-json\/wp\/v2\/posts\/2800\/revisions\/2802"}],"wp:featuredmedia":[{"embeddable":true,"href":"https:\/\/www.notaoficial.com\/s\/wp-json\/wp\/v2\/media\/2801"}],"wp:attachment":[{"href":"https:\/\/www.notaoficial.com\/s\/wp-json\/wp\/v2\/media?parent=2800"}],"wp:term":[{"taxonomy":"category","embeddable":true,"href":"https:\/\/www.notaoficial.com\/s\/wp-json\/wp\/v2\/categories?post=2800"},{"taxonomy":"post_tag","embeddable":true,"href":"https:\/\/www.notaoficial.com\/s\/wp-json\/wp\/v2\/tags?post=2800"}],"curies":[{"name":"wp","href":"https:\/\/api.w.org\/{rel}","templated":true}]}}