{"id":28243,"date":"2026-03-09T19:43:53","date_gmt":"2026-03-09T23:43:53","guid":{"rendered":"https:\/\/www.notaoficial.com\/s\/?p=28243"},"modified":"2026-03-11T19:48:52","modified_gmt":"2026-03-11T23:48:52","slug":"lexus-presenta-space-una-experiencia-inmersiva-en-la-semana-del-diseno-de-milan-2026","status":"publish","type":"post","link":"https:\/\/www.notaoficial.com\/s\/2026\/03\/09\/lexus-presenta-space-una-experiencia-inmersiva-en-la-semana-del-diseno-de-milan-2026\/","title":{"rendered":"Lexus presenta &#8216;Space&#8217;: Una experiencia inmersiva en la Semana del Dise\u00f1o de Mil\u00e1n 2026"},"content":{"rendered":"<p data-path-to-node=\"6\"><b data-path-to-node=\"6\" data-index-in-node=\"0\">Lexus<\/b> reafirma su compromiso con el dise\u00f1o de vanguardia mediante el estreno mundial de la instalaci\u00f3n <b data-path-to-node=\"6\" data-index-in-node=\"103\">\u00abSpace\u00bb<\/b>. Este proyecto no busca exhibir veh\u00edculos, sino explorar la interacci\u00f3n entre el ser humano, el espacio y la tecnolog\u00eda, empleando la filosof\u00eda <i data-path-to-node=\"6\" data-index-in-node=\"255\">Omotenashi<\/i> (hospitalidad japonesa) como eje central. Con esta iniciativa, Lexus busca fortalecer su posicionamiento como una marca de estilo de vida que entiende el dise\u00f1o no solo como est\u00e9tica, sino como una experiencia emocional profunda que conecta con las sensibilidades contempor\u00e1neas.<\/p>\n<h2 data-path-to-node=\"7\"><b data-path-to-node=\"7\" data-index-in-node=\"0\">Ejes de la Propuesta Inmersiva<\/b><\/h2>\n<p data-path-to-node=\"8\">La instalaci\u00f3n se estructura sobre tres pilares conceptuales:<\/p>\n<ul>\n<li data-path-to-node=\"9,0,0\"><b data-path-to-node=\"9,0,0\" data-index-in-node=\"0\">Fusi\u00f3n de Artesan\u00eda y Tecnolog\u00eda:<\/b> El uso de materiales de alta calidad tratados con t\u00e9cnicas tradicionales japonesas (Takumi), integrados con sistemas de iluminaci\u00f3n y sonido que crean una atm\u00f3sfera envolvente.<\/li>\n<li data-path-to-node=\"9,1,0\"><b data-path-to-node=\"9,1,0\" data-index-in-node=\"0\">Exploraci\u00f3n Espacial y Sensorial:<\/b> \u00abSpace\u00bb invita al visitante a reflexionar sobre la relaci\u00f3n entre el entorno f\u00edsico y la percepci\u00f3n humana, desafiando las convenciones del dise\u00f1o tradicional mediante una puesta en escena que distorsiona y expande el espacio.<\/li>\n<li data-path-to-node=\"9,2,0\"><b data-path-to-node=\"9,2,0\" data-index-in-node=\"0\">Coherencia con la Visi\u00f3n de Movilidad:<\/b> Aunque la instalaci\u00f3n es abstracta, refleja los valores de electrificaci\u00f3n y sostenibilidad que Lexus est\u00e1 implementando en sus futuros modelos, donde el interior del veh\u00edculo se concibe como un santuario personal y tecnol\u00f3gico.<\/li>\n<\/ul>\n<h2 data-path-to-node=\"10\"><b data-path-to-node=\"10\" data-index-in-node=\"0\">Impacto en el Posicionamiento de Marca<\/b><\/h2>\n<p data-path-to-node=\"11\">Para Lexus, participar en la Semana del Dise\u00f1o de Mil\u00e1n con una instalaci\u00f3n de esta envergadura genera beneficios estrat\u00e9gicos:<\/p>\n<ol>\n<li data-path-to-node=\"12,0,0\"><b data-path-to-node=\"12,0,0\" data-index-in-node=\"0\">Diferenciaci\u00f3n de Lujo:<\/b> Aleja a la marca del marketing automotriz convencional, elevando la percepci\u00f3n de Lexus al nivel de las firmas de dise\u00f1o de alta gama m\u00e1s prestigiosas del mundo.<\/li>\n<li data-path-to-node=\"12,1,0\"><b data-path-to-node=\"12,1,0\" data-index-in-node=\"0\">Engagement con Nuevas Audiencias:<\/b> Atrae a dise\u00f1adores, artistas y creadores de tendencias, expandiendo su base de influencia m\u00e1s all\u00e1 del sector automotor.<\/li>\n<li data-path-to-node=\"12,2,0\"><b data-path-to-node=\"12,2,0\" data-index-in-node=\"0\">Refuerzo de la Identidad Japonesa:<\/b> La integraci\u00f3n de la filosof\u00eda <i data-path-to-node=\"12,2,0\" data-index-in-node=\"66\">Omotenashi<\/i> y el rigor artesanal <i data-path-to-node=\"12,2,0\" data-index-in-node=\"98\">Takumi<\/i> diferencia a Lexus de sus competidores europeos, otorg\u00e1ndole una personalidad \u00fanica e inconfundible.<\/li>\n<\/ol>\n<p data-path-to-node=\"14\">Con la instalaci\u00f3n <b data-path-to-node=\"14\" data-index-in-node=\"19\">\u00abSpace\u00bb<\/b>, <b data-path-to-node=\"14\" data-index-in-node=\"28\">Lexus<\/b> demuestra que en 2026 la innovaci\u00f3n automotriz reside en la capacidad de crear experiencias memorables. Al participar en el evento de dise\u00f1o m\u00e1s importante del mundo, la firma no solo celebra la est\u00e9tica, sino que anticipa c\u00f3mo la tecnolog\u00eda y la artesan\u00eda se unir\u00e1n para dar forma a los espacios personales del futuro, consolidando a Lexus como un actor clave en el dise\u00f1o global.<\/p>\n","protected":false},"excerpt":{"rendered":"<p>Lexus reafirma su compromiso con el dise\u00f1o de vanguardia mediante el estreno mundial de la instalaci\u00f3n \u00abSpace\u00bb. Este proyecto no busca exhibir veh\u00edculos, sino explorar la interacci\u00f3n entre el ser humano, el espacio y la tecnolog\u00eda, empleando la filosof\u00eda Omotenashi (hospitalidad japonesa) como eje central. Con esta iniciativa, Lexus busca fortalecer su posicionamiento como una [&hellip;]<\/p>\n","protected":false},"author":2,"featured_media":28246,"comment_status":"closed","ping_status":"open","sticky":false,"template":"","format":"standard","meta":[],"categories":[93,146,2],"tags":[9782,10632,10529,9707,15],"wppr_data":{"cwp_meta_box_check":"No"},"_links":{"self":[{"href":"https:\/\/www.notaoficial.com\/s\/wp-json\/wp\/v2\/posts\/28243"}],"collection":[{"href":"https:\/\/www.notaoficial.com\/s\/wp-json\/wp\/v2\/posts"}],"about":[{"href":"https:\/\/www.notaoficial.com\/s\/wp-json\/wp\/v2\/types\/post"}],"author":[{"embeddable":true,"href":"https:\/\/www.notaoficial.com\/s\/wp-json\/wp\/v2\/users\/2"}],"replies":[{"embeddable":true,"href":"https:\/\/www.notaoficial.com\/s\/wp-json\/wp\/v2\/comments?post=28243"}],"version-history":[{"count":1,"href":"https:\/\/www.notaoficial.com\/s\/wp-json\/wp\/v2\/posts\/28243\/revisions"}],"predecessor-version":[{"id":28247,"href":"https:\/\/www.notaoficial.com\/s\/wp-json\/wp\/v2\/posts\/28243\/revisions\/28247"}],"wp:featuredmedia":[{"embeddable":true,"href":"https:\/\/www.notaoficial.com\/s\/wp-json\/wp\/v2\/media\/28246"}],"wp:attachment":[{"href":"https:\/\/www.notaoficial.com\/s\/wp-json\/wp\/v2\/media?parent=28243"}],"wp:term":[{"taxonomy":"category","embeddable":true,"href":"https:\/\/www.notaoficial.com\/s\/wp-json\/wp\/v2\/categories?post=28243"},{"taxonomy":"post_tag","embeddable":true,"href":"https:\/\/www.notaoficial.com\/s\/wp-json\/wp\/v2\/tags?post=28243"}],"curies":[{"name":"wp","href":"https:\/\/api.w.org\/{rel}","templated":true}]}}