{"id":28244,"date":"2026-03-09T19:43:57","date_gmt":"2026-03-09T23:43:57","guid":{"rendered":"https:\/\/www.notaoficial.com\/s\/?p=28244"},"modified":"2026-03-11T19:53:25","modified_gmt":"2026-03-11T23:53:25","slug":"canon-espana-impulsa-la-movilidad-sostenible-36-nuevos-vehiculos-hibridos-para-su-flota","status":"publish","type":"post","link":"https:\/\/www.notaoficial.com\/s\/2026\/03\/09\/canon-espana-impulsa-la-movilidad-sostenible-36-nuevos-vehiculos-hibridos-para-su-flota\/","title":{"rendered":"Canon Espa\u00f1a impulsa la movilidad sostenible: 36 nuevos veh\u00edculos h\u00edbridos para su flota"},"content":{"rendered":"<p data-path-to-node=\"6\"><b data-path-to-node=\"6\" data-index-in-node=\"0\">Canon Espa\u00f1a<\/b> ha dado un paso significativo en la descarbonizaci\u00f3n de sus operaciones log\u00edsticas con la incorporaci\u00f3n de <b data-path-to-node=\"6\" data-index-in-node=\"120\">36 veh\u00edculos h\u00edbridos<\/b> a su flota de servicios. Esta iniciativa responde a una estrategia integral de movilidad sostenible que busca equilibrar la necesidad de desplazamiento t\u00e9cnico para la atenci\u00f3n al cliente con los objetivos de reducci\u00f3n de emisiones de <b data-path-to-node=\"6\" data-index-in-node=\"377\">CO2<\/b>. La compa\u00f1\u00eda demuestra que la eficiencia en el servicio postventa y el respeto medioambiental son pilares complementarios en la gesti\u00f3n corporativa moderna.<\/p>\n<h2 data-path-to-node=\"7\"><b data-path-to-node=\"7\" data-index-in-node=\"0\">Ejes del Renovaci\u00f3n de Flota<\/b><\/h2>\n<p data-path-to-node=\"8\">La transici\u00f3n hacia veh\u00edculos h\u00edbridos se fundamenta en tres beneficios operativos clave:<\/p>\n<ul>\n<li data-path-to-node=\"9,0,0\"><b data-path-to-node=\"9,0,0\" data-index-in-node=\"0\">Reducci\u00f3n de Impacto Ambiental:<\/b> El uso de tecnolog\u00eda h\u00edbrida permite disminuir dr\u00e1sticamente el consumo de combustible y las emisiones de part\u00edculas, aline\u00e1ndose con las normativas europeas de bajas emisiones.<\/li>\n<li data-path-to-node=\"9,1,0\"><b data-path-to-node=\"9,1,0\" data-index-in-node=\"0\">Optimizaci\u00f3n de la Movilidad Urbana:<\/b> Al contar con distintivos ambientales eficientes, la flota de Canon asegura el acceso sin restricciones a las zonas de bajas emisiones (ZBE) de las principales ciudades espa\u00f1olas, garantizando una respuesta r\u00e1pida a sus clientes.<\/li>\n<li data-path-to-node=\"9,2,0\"><b data-path-to-node=\"9,2,0\" data-index-in-node=\"0\">Criterios de ESG (Ambiental, Social y Gobernanza):<\/b> Esta acci\u00f3n forma parte de un plan m\u00e1s amplio de responsabilidad corporativa, donde la reducci\u00f3n de la huella operativa es un KPI cr\u00edtico para la organizaci\u00f3n en 2026.<\/li>\n<\/ul>\n<h2 data-path-to-node=\"10\"><b data-path-to-node=\"10\" data-index-in-node=\"0\">Impacto en el Posicionamiento de Marca<\/b><\/h2>\n<p data-path-to-node=\"11\">Para Canon Espa\u00f1a, esta inversi\u00f3n genera ventajas competitivas directas:<\/p>\n<ol>\n<li data-path-to-node=\"12,0,0\"><b data-path-to-node=\"12,0,0\" data-index-in-node=\"0\">Coherencia Corporativa:<\/b> Refuerza la filosof\u00eda de la marca enfocada en la sostenibilidad, trasladando sus valores de fabricaci\u00f3n responsable a sus servicios de atenci\u00f3n directa.<\/li>\n<li data-path-to-node=\"12,1,0\"><b data-path-to-node=\"12,1,0\" data-index-in-node=\"0\">Eficiencia en el Coste Total de Propiedad (TCO):<\/b> La adopci\u00f3n de veh\u00edculos h\u00edbridos suele conllevar ahorros en mantenimiento y consumo energ\u00e9tico a largo plazo, mejorando la rentabilidad de las operaciones de campo.<\/li>\n<li data-path-to-node=\"12,2,0\"><b data-path-to-node=\"12,2,0\" data-index-in-node=\"0\">Liderazgo Sectorial:<\/b> Posiciona a Canon como una de las empresas l\u00edderes en el sector de la imagen y tecnolog\u00eda de oficina en adoptar modelos de transporte respetuosos con el entorno en el mercado espa\u00f1ol.<\/li>\n<\/ol>\n<p data-path-to-node=\"14\">Con la incorporaci\u00f3n de estos <b data-path-to-node=\"14\" data-index-in-node=\"30\">36 veh\u00edculos h\u00edbridos<\/b>, <b data-path-to-node=\"14\" data-index-in-node=\"53\">Canon Espa\u00f1a<\/b> confirma que la sostenibilidad es un factor transversal en su modelo de negocio. En marzo de 2026, la compa\u00f1\u00eda no solo ofrece soluciones tecnol\u00f3gicas de vanguardia, sino que asegura que la entrega y el mantenimiento de estas se realicen bajo est\u00e1ndares de m\u00e1xima eficiencia y m\u00ednimo impacto ambiental, consolidando su compromiso con el futuro del planeta.<\/p>\n","protected":false},"excerpt":{"rendered":"<p>Canon Espa\u00f1a ha dado un paso significativo en la descarbonizaci\u00f3n de sus operaciones log\u00edsticas con la incorporaci\u00f3n de 36 veh\u00edculos h\u00edbridos a su flota de servicios. Esta iniciativa responde a una estrategia integral de movilidad sostenible que busca equilibrar la necesidad de desplazamiento t\u00e9cnico para la atenci\u00f3n al cliente con los objetivos de reducci\u00f3n de [&hellip;]<\/p>\n","protected":false},"author":2,"featured_media":28248,"comment_status":"closed","ping_status":"open","sticky":false,"template":"","format":"standard","meta":[],"categories":[93,146,2],"tags":[],"wppr_data":{"cwp_meta_box_check":"No"},"_links":{"self":[{"href":"https:\/\/www.notaoficial.com\/s\/wp-json\/wp\/v2\/posts\/28244"}],"collection":[{"href":"https:\/\/www.notaoficial.com\/s\/wp-json\/wp\/v2\/posts"}],"about":[{"href":"https:\/\/www.notaoficial.com\/s\/wp-json\/wp\/v2\/types\/post"}],"author":[{"embeddable":true,"href":"https:\/\/www.notaoficial.com\/s\/wp-json\/wp\/v2\/users\/2"}],"replies":[{"embeddable":true,"href":"https:\/\/www.notaoficial.com\/s\/wp-json\/wp\/v2\/comments?post=28244"}],"version-history":[{"count":1,"href":"https:\/\/www.notaoficial.com\/s\/wp-json\/wp\/v2\/posts\/28244\/revisions"}],"predecessor-version":[{"id":28249,"href":"https:\/\/www.notaoficial.com\/s\/wp-json\/wp\/v2\/posts\/28244\/revisions\/28249"}],"wp:featuredmedia":[{"embeddable":true,"href":"https:\/\/www.notaoficial.com\/s\/wp-json\/wp\/v2\/media\/28248"}],"wp:attachment":[{"href":"https:\/\/www.notaoficial.com\/s\/wp-json\/wp\/v2\/media?parent=28244"}],"wp:term":[{"taxonomy":"category","embeddable":true,"href":"https:\/\/www.notaoficial.com\/s\/wp-json\/wp\/v2\/categories?post=28244"},{"taxonomy":"post_tag","embeddable":true,"href":"https:\/\/www.notaoficial.com\/s\/wp-json\/wp\/v2\/tags?post=28244"}],"curies":[{"name":"wp","href":"https:\/\/api.w.org\/{rel}","templated":true}]}}