{"id":28245,"date":"2026-03-09T19:44:01","date_gmt":"2026-03-09T23:44:01","guid":{"rendered":"https:\/\/www.notaoficial.com\/s\/?p=28245"},"modified":"2026-03-11T19:56:41","modified_gmt":"2026-03-11T23:56:41","slug":"repsol-impulsa-la-transicion-energetica-10-000-millones-de-euros-de-inversion-hasta-2028","status":"publish","type":"post","link":"https:\/\/www.notaoficial.com\/s\/2026\/03\/09\/repsol-impulsa-la-transicion-energetica-10-000-millones-de-euros-de-inversion-hasta-2028\/","title":{"rendered":"Repsol impulsa la transici\u00f3n energ\u00e9tica: 10.000 millones de euros de inversi\u00f3n hasta 2028"},"content":{"rendered":"<p data-path-to-node=\"6\"><b data-path-to-node=\"6\" data-index-in-node=\"0\">Por Eduardo Travieso Itriago<\/b><\/p>\n<p data-path-to-node=\"6\"><b data-path-to-node=\"6\" data-index-in-node=\"0\">Repsol<\/b> ha marcado un hito en su hoja de ruta corporativa al anunciar una inversi\u00f3n global de <b data-path-to-node=\"6\" data-index-in-node=\"93\">10.000 millones de euros<\/b> para el trienio 2026-2028. M\u00e1s del 50% de estos recursos se destinar\u00e1n estrat\u00e9gicamente a <b data-path-to-node=\"6\" data-index-in-node=\"208\">Espa\u00f1a y Portugal<\/b>, consolidando a la Pen\u00ednsula Ib\u00e9rica como el n\u00facleo industrial de sus nuevos negocios energ\u00e9ticos. Este despliegue de capital responde al objetivo de la compa\u00f1\u00eda de liderar el mercado energ\u00e9tico europeo mediante una oferta integrada que combina la eficiencia operativa tradicional con el desarrollo masivo de fuentes de energ\u00eda renovable.<\/p>\n<h2 data-path-to-node=\"7\"><b data-path-to-node=\"7\" data-index-in-node=\"0\">Pilares de la Estrategia Inversora<\/b><\/h2>\n<p data-path-to-node=\"8\">La hoja de ruta de la compa\u00f1\u00eda se estructura en tres ejes fundamentales para asegurar su competitividad futura:<\/p>\n<ul>\n<li data-path-to-node=\"9,0,0\"><b data-path-to-node=\"9,0,0\" data-index-in-node=\"0\">Descarbonizaci\u00f3n Industrial:<\/b> Inversi\u00f3n en tecnolog\u00eda para la captura de carbono y la producci\u00f3n de combustibles renovables, fundamentales para reducir la huella de emisiones en sectores dif\u00edciles de electrificar, como el transporte a\u00e9reo y mar\u00edtimo.<\/li>\n<li data-path-to-node=\"9,1,0\"><b data-path-to-node=\"9,1,0\" data-index-in-node=\"0\">Crecimiento en Renovables:<\/b> Ampliaci\u00f3n significativa de la capacidad instalada en energ\u00eda solar y e\u00f3lica, fortaleciendo su papel como generador el\u00e9ctrico clave en el mercado ib\u00e9rico.<\/li>\n<li data-path-to-node=\"9,2,0\"><b data-path-to-node=\"9,2,0\" data-index-in-node=\"0\">Econom\u00eda Circular:<\/b> Impulso a proyectos de transformaci\u00f3n de residuos en materias primas de alto valor, un pilar esencial para la sostenibilidad industrial a largo plazo.<\/li>\n<\/ul>\n<h2 data-path-to-node=\"10\"><b data-path-to-node=\"10\" data-index-in-node=\"0\">Impacto en el Posicionamiento de Repsol<\/b><\/h2>\n<p data-path-to-node=\"11\">Para la compa\u00f1\u00eda, este nivel de inversi\u00f3n genera ventajas estrat\u00e9gicas decisivas:<\/p>\n<ol>\n<li data-path-to-node=\"12,0,0\"><b data-path-to-node=\"12,0,0\" data-index-in-node=\"0\">Liderazgo Energ\u00e9tico:<\/b> La escala de inversi\u00f3n permite a Repsol adelantarse a las exigencias regulatorias europeas, posicion\u00e1ndose como un referente en la transici\u00f3n energ\u00e9tica global.<\/li>\n<li data-path-to-node=\"12,1,0\"><b data-path-to-node=\"12,1,0\" data-index-in-node=\"0\">Soberan\u00eda Industrial:<\/b> Al priorizar Espa\u00f1a y Portugal, Repsol blinda su capacidad productiva frente a la volatilidad de los mercados energ\u00e9ticos globales, asegurando el suministro regional.<\/li>\n<li data-path-to-node=\"12,2,0\"><b data-path-to-node=\"12,2,0\" data-index-in-node=\"0\">Valor para el Accionista:<\/b> La rentabilidad esperada de estos nuevos negocios renovables y de bajas emisiones promete equilibrar la estructura de ingresos de la compa\u00f1\u00eda, reduciendo la dependencia del ciclo tradicional de hidrocarburos.<\/li>\n<\/ol>\n<p data-path-to-node=\"14\">Con una inversi\u00f3n de <b data-path-to-node=\"14\" data-index-in-node=\"21\">10.000 millones de euros<\/b>, <b data-path-to-node=\"14\" data-index-in-node=\"47\">Repsol<\/b> no solo apuesta por la sostenibilidad, sino que garantiza su viabilidad econ\u00f3mica para la pr\u00f3xima d\u00e9cada. Al integrar la tradici\u00f3n industrial con la innovaci\u00f3n en energ\u00edas limpias, la compa\u00f1\u00eda se consolida como el principal motor de la transformaci\u00f3n energ\u00e9tica en la Pen\u00ednsula Ib\u00e9rica, demostrando que la rentabilidad y la descarbonizaci\u00f3n pueden avanzar de manera coordinada.<\/p>\n<p data-path-to-node=\"14\">Por Eduardo Travieso Itriago<\/p>\n","protected":false},"excerpt":{"rendered":"<p>Por Eduardo Travieso Itriago Repsol ha marcado un hito en su hoja de ruta corporativa al anunciar una inversi\u00f3n global de 10.000 millones de euros para el trienio 2026-2028. M\u00e1s del 50% de estos recursos se destinar\u00e1n estrat\u00e9gicamente a Espa\u00f1a y Portugal, consolidando a la Pen\u00ednsula Ib\u00e9rica como el n\u00facleo industrial de sus nuevos negocios [&hellip;]<\/p>\n","protected":false},"author":2,"featured_media":28250,"comment_status":"closed","ping_status":"open","sticky":false,"template":"","format":"standard","meta":[],"categories":[93,146,2],"tags":[10603,9782,10632,10529,9707,15],"wppr_data":{"cwp_meta_box_check":"No"},"_links":{"self":[{"href":"https:\/\/www.notaoficial.com\/s\/wp-json\/wp\/v2\/posts\/28245"}],"collection":[{"href":"https:\/\/www.notaoficial.com\/s\/wp-json\/wp\/v2\/posts"}],"about":[{"href":"https:\/\/www.notaoficial.com\/s\/wp-json\/wp\/v2\/types\/post"}],"author":[{"embeddable":true,"href":"https:\/\/www.notaoficial.com\/s\/wp-json\/wp\/v2\/users\/2"}],"replies":[{"embeddable":true,"href":"https:\/\/www.notaoficial.com\/s\/wp-json\/wp\/v2\/comments?post=28245"}],"version-history":[{"count":1,"href":"https:\/\/www.notaoficial.com\/s\/wp-json\/wp\/v2\/posts\/28245\/revisions"}],"predecessor-version":[{"id":28251,"href":"https:\/\/www.notaoficial.com\/s\/wp-json\/wp\/v2\/posts\/28245\/revisions\/28251"}],"wp:featuredmedia":[{"embeddable":true,"href":"https:\/\/www.notaoficial.com\/s\/wp-json\/wp\/v2\/media\/28250"}],"wp:attachment":[{"href":"https:\/\/www.notaoficial.com\/s\/wp-json\/wp\/v2\/media?parent=28245"}],"wp:term":[{"taxonomy":"category","embeddable":true,"href":"https:\/\/www.notaoficial.com\/s\/wp-json\/wp\/v2\/categories?post=28245"},{"taxonomy":"post_tag","embeddable":true,"href":"https:\/\/www.notaoficial.com\/s\/wp-json\/wp\/v2\/tags?post=28245"}],"curies":[{"name":"wp","href":"https:\/\/api.w.org\/{rel}","templated":true}]}}