{"id":28252,"date":"2026-03-10T21:37:30","date_gmt":"2026-03-11T01:37:30","guid":{"rendered":"https:\/\/www.notaoficial.com\/s\/?p=28252"},"modified":"2026-03-13T21:42:47","modified_gmt":"2026-03-14T01:42:47","slug":"alerta-de-la-ops-transmision-sostenida-de-fiebre-amarilla-en-sudamerica","status":"publish","type":"post","link":"https:\/\/www.notaoficial.com\/s\/2026\/03\/10\/alerta-de-la-ops-transmision-sostenida-de-fiebre-amarilla-en-sudamerica\/","title":{"rendered":"Alerta de la OPS: Transmisi\u00f3n sostenida de fiebre amarilla en Sudam\u00e9rica"},"content":{"rendered":"<p data-path-to-node=\"6\">La <b data-path-to-node=\"6\" data-index-in-node=\"3\">OPS<\/b> ha emitido una alerta oficial debido a la detecci\u00f3n de una transmisi\u00f3n sostenida de la <b data-path-to-node=\"6\" data-index-in-node=\"94\">fiebre amarilla<\/b> en \u00e1reas espec\u00edficas de <b data-path-to-node=\"6\" data-index-in-node=\"134\">Sudam\u00e9rica<\/b>. El organismo internacional se\u00f1ala que el desplazamiento del virus, impulsado por factores ambientales y la movilidad humana, representa un riesgo elevado para poblaciones no inmunizadas. La prioridad actual es la implementaci\u00f3n de cercos epidemiol\u00f3gicos y la intensificaci\u00f3n de las campa\u00f1as de inmunizaci\u00f3n para evitar que los brotes selv\u00e1ticos transicionen hacia ciclos de transmisi\u00f3n urbana, lo que aumentar\u00eda dr\u00e1sticamente la escala de la emergencia.<\/p>\n<h2 data-path-to-node=\"7\"><b data-path-to-node=\"7\" data-index-in-node=\"0\">Ejes de la Alerta Epidemiol\u00f3gica<\/b><\/h2>\n<p data-path-to-node=\"8\">La organizaci\u00f3n ha identificado tres \u00e1reas de acci\u00f3n inmediata para los sistemas de salud nacionales:<\/p>\n<ul>\n<li data-path-to-node=\"9,0,0\"><b data-path-to-node=\"9,0,0\" data-index-in-node=\"0\">Cobertura de Vacunaci\u00f3n:<\/b> Se insta a los pa\u00edses a garantizar que al menos el <b data-path-to-node=\"9,0,0\" data-index-in-node=\"76\">95% de la poblaci\u00f3n<\/b> en zonas de riesgo cuente con la dosis \u00fanica de la vacuna, la cual proporciona protecci\u00f3n de por vida.<\/li>\n<li data-path-to-node=\"9,1,0\"><b data-path-to-node=\"9,1,0\" data-index-in-node=\"0\">Vigilancia en Primates (Epizootias):<\/b> La detecci\u00f3n de muertes de primates no humanos sigue siendo el indicador m\u00e1s temprano de la presencia del virus en el entorno selv\u00e1tico, permitiendo activar alertas preventivas antes de que se registren casos humanos.<\/li>\n<li data-path-to-node=\"9,2,0\"><b data-path-to-node=\"9,2,0\" data-index-in-node=\"0\">Control de Vectores y Protecci\u00f3n Personal:<\/b> Refuerzo de las medidas para reducir la presencia de mosquitos (<i data-path-to-node=\"9,2,0\" data-index-in-node=\"107\">Haemagogus<\/i> y <i data-path-to-node=\"9,2,0\" data-index-in-node=\"120\">Sabethes<\/i> en \u00e1reas rurales; <i data-path-to-node=\"9,2,0\" data-index-in-node=\"147\">Aedes aegypti<\/i> en \u00e1reas urbanas) y el uso de repelentes en viajeros que visiten zonas end\u00e9micas.<\/li>\n<\/ul>\n<h2 data-path-to-node=\"10\"><b data-path-to-node=\"10\" data-index-in-node=\"0\">Impacto en la Salud P\u00fablica Regional<\/b><\/h2>\n<p data-path-to-node=\"11\">Para los gobiernos y autoridades sanitarias, esta alerta implica desaf\u00edos estrat\u00e9gicos:<\/p>\n<ol>\n<li data-path-to-node=\"12,0,0\"><b data-path-to-node=\"12,0,0\" data-index-in-node=\"0\">Seguridad Sanitaria en Fronteras:<\/b> La coordinaci\u00f3n internacional es vital para controlar el tr\u00e1nsito de personas en corredores biol\u00f3gicos donde el virus est\u00e1 activo.<\/li>\n<li data-path-to-node=\"12,1,0\"><b data-path-to-node=\"12,1,0\" data-index-in-node=\"0\">Comunicaci\u00f3n de Riesgo:<\/b> Es fundamental informar a los viajeros y residentes de zonas boscosas sobre la necesidad imperativa de vacunarse al menos <b data-path-to-node=\"12,1,0\" data-index-in-node=\"146\">10 d\u00edas antes<\/b> de la exposici\u00f3n.<\/li>\n<li data-path-to-node=\"12,2,0\"><b data-path-to-node=\"12,2,0\" data-index-in-node=\"0\">Gesti\u00f3n de Insumos:<\/b> La OPS recomienda asegurar el stock de vacunas y fortalecer la capacidad de diagn\u00f3stico laboratorial para una detecci\u00f3n r\u00e1pida y precisa de los casos.<\/li>\n<\/ol>\n<p data-path-to-node=\"14\">A <b data-path-to-node=\"14\" data-index-in-node=\"2\">marzo de 2026<\/b>, la fiebre amarilla contin\u00faa siendo una amenaza latente en la regi\u00f3n. La <b data-path-to-node=\"14\" data-index-in-node=\"89\">OPS<\/b> recalca que la vacunaci\u00f3n es la herramienta m\u00e1s eficaz para prevenir la enfermedad. La transmisi\u00f3n detectada en diversas partes de Sudam\u00e9rica es un llamado a la acci\u00f3n para que los Estados miembros cierren las brechas de inmunidad y mantengan una vigilancia activa que proteja tanto a las comunidades locales como a los visitantes internacionales.<\/p>\n","protected":false},"excerpt":{"rendered":"<p>La OPS ha emitido una alerta oficial debido a la detecci\u00f3n de una transmisi\u00f3n sostenida de la fiebre amarilla en \u00e1reas espec\u00edficas de Sudam\u00e9rica. El organismo internacional se\u00f1ala que el desplazamiento del virus, impulsado por factores ambientales y la movilidad humana, representa un riesgo elevado para poblaciones no inmunizadas. La prioridad actual es la implementaci\u00f3n [&hellip;]<\/p>\n","protected":false},"author":2,"featured_media":28255,"comment_status":"closed","ping_status":"open","sticky":false,"template":"","format":"standard","meta":[],"categories":[93,146,2],"tags":[9782,10632,10529,9707,15],"wppr_data":{"cwp_meta_box_check":"No"},"_links":{"self":[{"href":"https:\/\/www.notaoficial.com\/s\/wp-json\/wp\/v2\/posts\/28252"}],"collection":[{"href":"https:\/\/www.notaoficial.com\/s\/wp-json\/wp\/v2\/posts"}],"about":[{"href":"https:\/\/www.notaoficial.com\/s\/wp-json\/wp\/v2\/types\/post"}],"author":[{"embeddable":true,"href":"https:\/\/www.notaoficial.com\/s\/wp-json\/wp\/v2\/users\/2"}],"replies":[{"embeddable":true,"href":"https:\/\/www.notaoficial.com\/s\/wp-json\/wp\/v2\/comments?post=28252"}],"version-history":[{"count":1,"href":"https:\/\/www.notaoficial.com\/s\/wp-json\/wp\/v2\/posts\/28252\/revisions"}],"predecessor-version":[{"id":28256,"href":"https:\/\/www.notaoficial.com\/s\/wp-json\/wp\/v2\/posts\/28252\/revisions\/28256"}],"wp:featuredmedia":[{"embeddable":true,"href":"https:\/\/www.notaoficial.com\/s\/wp-json\/wp\/v2\/media\/28255"}],"wp:attachment":[{"href":"https:\/\/www.notaoficial.com\/s\/wp-json\/wp\/v2\/media?parent=28252"}],"wp:term":[{"taxonomy":"category","embeddable":true,"href":"https:\/\/www.notaoficial.com\/s\/wp-json\/wp\/v2\/categories?post=28252"},{"taxonomy":"post_tag","embeddable":true,"href":"https:\/\/www.notaoficial.com\/s\/wp-json\/wp\/v2\/tags?post=28252"}],"curies":[{"name":"wp","href":"https:\/\/api.w.org\/{rel}","templated":true}]}}