{"id":28257,"date":"2026-03-10T08:04:55","date_gmt":"2026-03-10T12:04:55","guid":{"rendered":"https:\/\/www.notaoficial.com\/s\/?p=28257"},"modified":"2026-03-14T08:07:29","modified_gmt":"2026-03-14T12:07:29","slug":"samsung-y-la-lucha-contra-la-apnea-del-sueno-innovacion-para-el-bienestar-diario","status":"publish","type":"post","link":"https:\/\/www.notaoficial.com\/s\/2026\/03\/10\/samsung-y-la-lucha-contra-la-apnea-del-sueno-innovacion-para-el-bienestar-diario\/","title":{"rendered":"Samsung y la lucha contra la apnea del sue\u00f1o: Innovaci\u00f3n para el bienestar diario"},"content":{"rendered":"<p data-path-to-node=\"6\"><b data-path-to-node=\"6\" data-index-in-node=\"0\">Samsung Electronics<\/b> ha posicionado la calidad del descanso como un pilar fundamental de su propuesta de valor en salud. <span class=\"citation-71\">Al abordar la <\/span><b data-path-to-node=\"6\" data-index-in-node=\"134\"><span class=\"citation-71\">apnea del sue\u00f1o<\/span><\/b><span class=\"citation-71 citation-end-71\"> \u2014un trastorno frecuentemente subdiagnosticado que interrumpe la respiraci\u00f3n durante la noche\u2014, la compa\u00f1\u00eda busca empoderar a los usuarios para que identifiquen se\u00f1ales de alerta de forma temprana.<\/span> Mediante el uso de sensores avanzados y algoritmos de inteligencia artificial, Samsung transforma el reloj inteligente de un accesorio de actividad f\u00edsica en un dispositivo de grado preventivo capaz de revitalizar la energ\u00eda diaria de las personas.<\/p>\n<h2 data-path-to-node=\"7\"><b data-path-to-node=\"7\" data-index-in-node=\"0\">Ejes de la Tecnolog\u00eda de Monitoreo<\/b><\/h2>\n<p data-path-to-node=\"8\"><span class=\"citation-70 citation-end-70\">El abordaje de Samsung se sustenta en tres innovaciones tecnol\u00f3gicas clave:<\/span><\/p>\n<ul>\n<li data-path-to-node=\"9,0,0\"><b data-path-to-node=\"9,0,0\" data-index-in-node=\"0\"><span class=\"citation-69\">Sensores de Ox\u00edgeno en Sangre (SpO2):<\/span><\/b><span class=\"citation-69 citation-end-69\"> Monitoreo continuo de los niveles de saturaci\u00f3n durante la noche para detectar ca\u00eddas bruscas que podr\u00edan indicar episodios de apnea.<\/span><\/li>\n<li class=\"source-inline-chip-container ng-star-inserted\"><\/li>\n<li data-path-to-node=\"9,1,0\"><b data-path-to-node=\"9,1,0\" data-index-in-node=\"0\"><span class=\"citation-68\">Algoritmos de IA en Galaxy Health:<\/span><\/b><span class=\"citation-68 citation-end-68\"> An\u00e1lisis de los patrones de sue\u00f1o y la variabilidad de la frecuencia card\u00edaca para identificar irregularidades respiratorias con una precisi\u00f3n validada por est\u00e1ndares de bienestar.<\/span><\/li>\n<li class=\"source-inline-chip-container ng-star-inserted\"><\/li>\n<li data-path-to-node=\"9,2,0\"><b data-path-to-node=\"9,2,0\" data-index-in-node=\"0\">Integraci\u00f3n de Datos y Reportes:<\/b> Generaci\u00f3n de informes detallados que el usuario puede compartir con profesionales de la salud, facilitando un diagn\u00f3stico m\u00e9dico formal y un tratamiento oportuno.<\/li>\n<\/ul>\n<h2 data-path-to-node=\"10\"><b data-path-to-node=\"10\" data-index-in-node=\"0\">Impacto en el Estilo de Vida y el Bienestar<\/b><\/h2>\n<p data-path-to-node=\"11\"><span class=\"citation-67 citation-end-67\">Para el usuario, la capacidad de monitorear la apnea del sue\u00f1o genera beneficios directos:<\/span><\/p>\n<ol>\n<li data-path-to-node=\"12,0,0\"><b data-path-to-node=\"12,0,0\" data-index-in-node=\"0\">Detecci\u00f3n Temprana:<\/b> Identificar el trastorno antes de que derive en problemas m\u00e1s graves, como hipertensi\u00f3n o fatiga cr\u00f3nica.<\/li>\n<li data-path-to-node=\"12,1,0\"><b data-path-to-node=\"12,1,0\" data-index-in-node=\"0\">Mejora del Rendimiento Diario:<\/b> Un descanso ininterrumpido optimiza la funci\u00f3n cognitiva, el estado de \u00e1nimo y la productividad durante la jornada.<\/li>\n<li data-path-to-node=\"12,2,0\"><b data-path-to-node=\"12,2,0\" data-index-in-node=\"0\">Higiene del Sue\u00f1o Personalizada:<\/b> La aplicaci\u00f3n Samsung Health ofrece consejos basados en los datos recolectados para ajustar h\u00e1bitos nocturnos y mejorar la arquitectura del sue\u00f1o.<\/li>\n<\/ol>\n<p data-path-to-node=\"14\">Con la inclusi\u00f3n de funciones para la detecci\u00f3n de la apnea del sue\u00f1o, <b data-path-to-node=\"14\" data-index-in-node=\"71\">Samsung<\/b> reafirma su liderazgo en el segmento de <i data-path-to-node=\"14\" data-index-in-node=\"119\">Health Tech<\/i>. En 2026, la tecnolog\u00eda no solo sirve para medir pasos, sino para actuar como un guardi\u00e1n silencioso del descanso. Al democratizar el acceso a herramientas de monitoreo respiratorio, Samsung contribuye significativamente a la salud p\u00fablica, permitiendo que m\u00e1s personas recuperen la vitalidad necesaria para enfrentar sus retos cotidianos.<\/p>\n","protected":false},"excerpt":{"rendered":"<p>Samsung Electronics ha posicionado la calidad del descanso como un pilar fundamental de su propuesta de valor en salud. Al abordar la apnea del sue\u00f1o \u2014un trastorno frecuentemente subdiagnosticado que interrumpe la respiraci\u00f3n durante la noche\u2014, la compa\u00f1\u00eda busca empoderar a los usuarios para que identifiquen se\u00f1ales de alerta de forma temprana. Mediante el uso [&hellip;]<\/p>\n","protected":false},"author":2,"featured_media":28260,"comment_status":"closed","ping_status":"open","sticky":false,"template":"","format":"standard","meta":[],"categories":[93,146,2],"tags":[9782,10632,10529,9707,15],"wppr_data":{"cwp_meta_box_check":"No"},"_links":{"self":[{"href":"https:\/\/www.notaoficial.com\/s\/wp-json\/wp\/v2\/posts\/28257"}],"collection":[{"href":"https:\/\/www.notaoficial.com\/s\/wp-json\/wp\/v2\/posts"}],"about":[{"href":"https:\/\/www.notaoficial.com\/s\/wp-json\/wp\/v2\/types\/post"}],"author":[{"embeddable":true,"href":"https:\/\/www.notaoficial.com\/s\/wp-json\/wp\/v2\/users\/2"}],"replies":[{"embeddable":true,"href":"https:\/\/www.notaoficial.com\/s\/wp-json\/wp\/v2\/comments?post=28257"}],"version-history":[{"count":1,"href":"https:\/\/www.notaoficial.com\/s\/wp-json\/wp\/v2\/posts\/28257\/revisions"}],"predecessor-version":[{"id":28261,"href":"https:\/\/www.notaoficial.com\/s\/wp-json\/wp\/v2\/posts\/28257\/revisions\/28261"}],"wp:featuredmedia":[{"embeddable":true,"href":"https:\/\/www.notaoficial.com\/s\/wp-json\/wp\/v2\/media\/28260"}],"wp:attachment":[{"href":"https:\/\/www.notaoficial.com\/s\/wp-json\/wp\/v2\/media?parent=28257"}],"wp:term":[{"taxonomy":"category","embeddable":true,"href":"https:\/\/www.notaoficial.com\/s\/wp-json\/wp\/v2\/categories?post=28257"},{"taxonomy":"post_tag","embeddable":true,"href":"https:\/\/www.notaoficial.com\/s\/wp-json\/wp\/v2\/tags?post=28257"}],"curies":[{"name":"wp","href":"https:\/\/api.w.org\/{rel}","templated":true}]}}